{"id":1292,"date":"2010-05-08T12:05:04","date_gmt":"2010-05-08T10:05:04","guid":{"rendered":"https:\/\/www.lactissima.com\/a-tire-d-ailes\/?p=1292"},"modified":"2016-08-03T19:21:51","modified_gmt":"2016-08-03T17:21:51","slug":"fiche-pratique-pour-lassistante-maternelle","status":"publish","type":"post","link":"https:\/\/www.lactissima.com\/a-tire-d-ailes\/fiche-pratique-pour-lassistante-maternelle\/","title":{"rendered":"Fiche pratique pour l&rsquo;assistante maternelle"},"content":{"rendered":"<p style=\"text-align: justify;\"><a href=\"https:\/\/www.lactissima.com\/a-tire-d-ailes\/wp-content\/uploads\/2010\/05\/fiche-pratique.jpg\"><img loading=\"lazy\" decoding=\"async\" class=\"alignright size-full wp-image-4175\" src=\"https:\/\/www.lactissima.com\/a-tire-d-ailes\/wp-content\/uploads\/2010\/05\/fiche-pratique.jpg\" alt=\"fiche pratique pour l'assistante maternelle\" width=\"235\" height=\"291\" \/><\/a>Je vous propose aujourd&rsquo;hui une<strong> fiche pratique<\/strong> que vous pouvez fournir \u00e0 la personne qui s&rsquo;occupe de votre b\u00e9b\u00e9 en votre absence.<\/p>\n<p style=\"text-align: justify;\">Temps de <strong>conservation<\/strong> du lait maternel :<\/p>\n<p style=\"text-align: justify;\">Conservation du<strong> lait frais<\/strong> :<\/p>\n<ul style=\"text-align: justify;\" type=\"disc\">\n<li>\u00e0 temp\u00e9rature ambiante (25 ou 26 \u00c2\u00b0C) : <strong>4 \u00e0 6 heures.<\/strong> Evidemment, ce temps s&rsquo;allonge si la temp\u00e9rature baisse.<\/li>\n<li>Dans une glaci\u00e8re isotherme, avec des packs de cong\u00e9lation \u00e0 15\u00c2\u00b0C : <strong>24 heures<\/strong>.<\/li>\n<li>Au r\u00e9frig\u00e9rateur (4\u00c2\u00b0C) : jusqu&rsquo;\u00e0 8 jours. Si votre r\u00e9frig\u00e9rateur n&rsquo;est pas nettoy\u00e9 une fois par semaine et n&rsquo;est pas exactement \u00e0 4\u00c2\u00b0C, il vaut mieux compter <strong>5 jours, <\/strong>c&rsquo;est une mesure de pr\u00e9caution.<\/li>\n<li>Conservateur (freezer) : <strong>2 semaines<\/strong>.<\/li>\n<li>Cong\u00e9lateur : <strong>6 mois<\/strong> pour une conservation optimale, jusqu&rsquo;\u00e0 12 mois au moins ce lait reste meilleur qu&rsquo;un lait en poudre.<\/li>\n<\/ul>\n<p style=\"text-align: justify;\">Conservation du <strong>lait d\u00e9congel\u00e9<\/strong> :<\/p>\n<ul style=\"text-align: justify;\" type=\"disc\">\n<li>D\u00e9congel\u00e9 au r\u00e9frig\u00e9rateur et non r\u00e9chauff\u00e9 :\n<ul type=\"circle\">\n<li>A temp\u00e9rature ambiante : <strong>4 heures.<\/strong><\/li>\n<li>Au r\u00e9frig\u00e9rateur : <strong>24 heures.<\/strong><\/li>\n<\/ul>\n<\/li>\n<li>D\u00e9congel\u00e9 \u00e0 temp\u00e9rature ambiante ou \u00e0 l&rsquo;eau chaude :\n<ul type=\"circle\">\n<li>\u00e0 temp\u00e9rature ambiante : <strong>pour ach\u00e8vement du repas en cours.<\/strong><\/li>\n<li>Au r\u00e9frig\u00e9rateur :<strong> 4 heures.<\/strong><\/li>\n<\/ul>\n<\/li>\n<\/ul>\n<p style=\"text-align: justify;\">Dans le r\u00e9frig\u00e9rateur, le lait maternel se place dans la partie <strong>froide <\/strong>(pas dans la porte).<\/p>\n<p style=\"text-align: justify;\">Si le b\u00e9b\u00e9 ne finit pas un biberon de lait frais, le <strong>remettre au r\u00e9frig\u00e9rateur <\/strong>pour le prochain repas.<br \/>\nSi le biberon non termin\u00e9 est rest\u00e9 \u00e0 temp\u00e9rature ambiante pendant une heure, il peut \u00eatre remis au r\u00e9frig\u00e9rateur apr\u00e8s.<br \/>\n<strong>Ne pas jeter de lait maternel frais <\/strong>: en cas de doute, remettre le lait maternel au r\u00e9frig\u00e9rateur en indiquant sur l&rsquo;\u00e9tiquette la raison du doute.<\/p>\n<p style=\"text-align: justify;\">Pour r\u00e9chauffer le lait,<strong> il ne faut pas utiliser de four \u00e0 micro-ondes<\/strong>.<br \/>\nOn peut utiliser un chauffe-biberon, un bain-marie ou passer le biberon sous l&rsquo;eau chaude du robinet.<br \/>\nLe lait n&rsquo;a pas besoin d&rsquo;\u00eatre chaud, la majorit\u00e9 des b\u00e9b\u00e9s l&rsquo;accepte \u00e0 temp\u00e9rature ambiante.<\/p>\n<p style=\"text-align: justify;\">Pour utiliser du lait congel\u00e9, le d\u00e9congeler lentement au r\u00e9frig\u00e9rateur.<br \/>\nSi le lait est d\u00e9congel\u00e9 rapidement (chauffe-biberon, bain-marie ou eau chaude du robinet), il doit \u00eatre bu au cours du repas mais ne pas \u00eatre gard\u00e9 au-del\u00e0 .<\/p>\n<p style=\"text-align: justify;\">Utiliser en <strong>priorit\u00e9 :<br \/>\n<\/strong><\/p>\n<ul style=\"text-align: justify;\">\n<li>le lait d\u00e9congel\u00e9 la veille au soir au r\u00e9frig\u00e9rateur (si c&rsquo;est le cas)<\/li>\n<li>puis le lait frais<\/li>\n<li>ne d\u00e9congeler du lait qu&rsquo;en cas de besoin, en petite quantit\u00e9.<\/li>\n<\/ul>\n<p style=\"text-align: justify;\">Le lait conserv\u00e9 au r\u00e9frig\u00e9rateur se s\u00e9pare : le gras remonte et le fond du biberon contient du lait plus \u00c2\u00ab clair \u00c2\u00bb. Il suffit de secouer doucement le lait pour le r\u00e9 homog\u00e9n\u00e9iser.<\/p>\n<p style=\"text-align: justify;\"><strong>Articles en rapport :<\/strong><\/p>\n<ul>\n<li style=\"text-align: justify;\"><a href=\"https:\/\/www.lactissima.com\/a-tire-d-ailes\/?p=291\">La conservation du lait maternel<\/a><\/li>\n<li style=\"text-align: justify;\"><a href=\"https:\/\/www.lactissima.com\/a-tire-d-ailes\/?p=949\">Quantit\u00e9 de lait bue par un b\u00e9b\u00e9<\/a><\/li>\n<li style=\"text-align: justify;\"><a href=\"https:\/\/www.lactissima.com\/a-tire-d-ailes\/?p=1024\">Assistante maternelle et b\u00e9b\u00e9 allait\u00e9<\/a><\/li>\n<\/ul>\n<p>&nbsp;<\/p>\n","protected":false},"excerpt":{"rendered":"<p>Je vous propose aujourd&rsquo;hui une fiche pratique pour l&rsquo;assistante maternelle ou pour la personne qui s&rsquo;occupe de votre b\u00e9b\u00e9 en votre absence.<\/p>\n","protected":false},"author":170,"featured_media":4175,"comment_status":"open","ping_status":"open","sticky":false,"template":"","format":"standard","meta":{"_et_pb_use_builder":"","_et_pb_old_content":"","_et_gb_content_width":"","footnotes":""},"categories":[35,36,37,712],"tags":[87,213,212,211,127],"class_list":["post-1292","post","type-post","status-publish","format-standard","has-post-thumbnail","hentry","category-allaitement","category-allaitement-et-travail","category-articulation-vie-professionnelle-vie-famille","category-mode-de-garde","tag-assistante-maternelle","tag-biberons","tag-conservation-du-lait","tag-fiche-pratique","tag-lait-maternel"],"yoast_head":"<!-- This site is optimized with the Yoast SEO plugin v27.4 - https:\/\/yoast.com\/product\/yoast-seo-wordpress\/ -->\n<title>fiche pratique pour l&#039;assistante maternelle<\/title>\n<meta name=\"description\" content=\"Je vous propose aujourd&#039;hui une fiche pratique pour l&#039;assistante maternelle ou pour la personne qui s&#039;occupe de votre b\u00e9b\u00e9 en votre absence.\" \/>\n<meta name=\"robots\" content=\"index, follow, max-snippet:-1, max-image-preview:large, max-video-preview:-1\" \/>\n<link rel=\"canonical\" href=\"https:\/\/www.lactissima.com\/a-tire-d-ailes\/fiche-pratique-pour-lassistante-maternelle\/\" \/>\n<meta property=\"og:locale\" content=\"fr_FR\" \/>\n<meta property=\"og:type\" content=\"article\" \/>\n<meta property=\"og:title\" content=\"fiche pratique pour l&#039;assistante maternelle\" \/>\n<meta property=\"og:description\" content=\"Je vous propose aujourd&#039;hui une fiche pratique pour l&#039;assistante maternelle ou pour la personne qui s&#039;occupe de votre b\u00e9b\u00e9 en votre absence.\" \/>\n<meta property=\"og:url\" content=\"https:\/\/www.lactissima.com\/a-tire-d-ailes\/fiche-pratique-pour-lassistante-maternelle\/\" \/>\n<meta property=\"og:site_name\" content=\"A tire d&#039;Ailes\" \/>\n<meta property=\"article:publisher\" content=\"https:\/\/www.facebook.com\/consultante.en.lactation\" \/>\n<meta property=\"article:author\" content=\"www.facebook.com\/consultante.en.lactation\" \/>\n<meta property=\"article:published_time\" content=\"2010-05-08T10:05:04+00:00\" \/>\n<meta property=\"article:modified_time\" content=\"2016-08-03T17:21:51+00:00\" \/>\n<meta property=\"og:image\" content=\"https:\/\/www.lactissima.com\/a-tire-d-ailes\/wp-content\/uploads\/2010\/05\/fiche-pratique.jpg\" \/>\n\t<meta property=\"og:image:width\" content=\"235\" \/>\n\t<meta property=\"og:image:height\" content=\"291\" \/>\n\t<meta property=\"og:image:type\" content=\"image\/jpeg\" \/>\n<meta name=\"author\" content=\"V\u00e9ronique Darmangeat\" \/>\n<meta name=\"twitter:card\" content=\"summary_large_image\" \/>\n<meta name=\"twitter:creator\" content=\"@VeroniqueIBCLC\" \/>\n<meta name=\"twitter:site\" content=\"@VeroniqueIBCLC\" \/>\n<meta name=\"twitter:label1\" content=\"\u00c9crit par\" \/>\n\t<meta name=\"twitter:data1\" content=\"V\u00e9ronique Darmangeat\" \/>\n\t<meta name=\"twitter:label2\" content=\"Dur\u00e9e de lecture estim\u00e9e\" \/>\n\t<meta name=\"twitter:data2\" content=\"2 minutes\" \/>\n<script type=\"application\/ld+json\" class=\"yoast-schema-graph\">{\"@context\":\"https:\\\/\\\/schema.org\",\"@graph\":[{\"@type\":\"Article\",\"@id\":\"https:\\\/\\\/www.lactissima.com\\\/a-tire-d-ailes\\\/fiche-pratique-pour-lassistante-maternelle\\\/#article\",\"isPartOf\":{\"@id\":\"https:\\\/\\\/www.lactissima.com\\\/a-tire-d-ailes\\\/fiche-pratique-pour-lassistante-maternelle\\\/\"},\"author\":{\"name\":\"V\u00e9ronique Darmangeat\",\"@id\":\"https:\\\/\\\/www.lactissima.com\\\/a-tire-d-ailes\\\/#\\\/schema\\\/person\\\/8f98d3a89530861bc1240e6d53d44eed\"},\"headline\":\"Fiche pratique pour l&rsquo;assistante maternelle\",\"datePublished\":\"2010-05-08T10:05:04+00:00\",\"dateModified\":\"2016-08-03T17:21:51+00:00\",\"mainEntityOfPage\":{\"@id\":\"https:\\\/\\\/www.lactissima.com\\\/a-tire-d-ailes\\\/fiche-pratique-pour-lassistante-maternelle\\\/\"},\"wordCount\":457,\"commentCount\":121,\"image\":{\"@id\":\"https:\\\/\\\/www.lactissima.com\\\/a-tire-d-ailes\\\/fiche-pratique-pour-lassistante-maternelle\\\/#primaryimage\"},\"thumbnailUrl\":\"https:\\\/\\\/www.lactissima.com\\\/a-tire-d-ailes\\\/wp-content\\\/uploads\\\/2010\\\/05\\\/fiche-pratique.jpg\",\"keywords\":[\"assistante maternelle\",\"biberons\",\"conservation du lait\",\"fiche pratique\",\"lait maternel\"],\"articleSection\":[\"Allaitement\",\"Allaitement et Travail\",\"Articulation Vie Professionnelle Vie Famille\",\"Mode de garde\"],\"inLanguage\":\"fr-FR\",\"potentialAction\":[{\"@type\":\"CommentAction\",\"name\":\"Comment\",\"target\":[\"https:\\\/\\\/www.lactissima.com\\\/a-tire-d-ailes\\\/fiche-pratique-pour-lassistante-maternelle\\\/#respond\"]}]},{\"@type\":\"WebPage\",\"@id\":\"https:\\\/\\\/www.lactissima.com\\\/a-tire-d-ailes\\\/fiche-pratique-pour-lassistante-maternelle\\\/\",\"url\":\"https:\\\/\\\/www.lactissima.com\\\/a-tire-d-ailes\\\/fiche-pratique-pour-lassistante-maternelle\\\/\",\"name\":\"fiche pratique pour l'assistante maternelle\",\"isPartOf\":{\"@id\":\"https:\\\/\\\/www.lactissima.com\\\/a-tire-d-ailes\\\/#website\"},\"primaryImageOfPage\":{\"@id\":\"https:\\\/\\\/www.lactissima.com\\\/a-tire-d-ailes\\\/fiche-pratique-pour-lassistante-maternelle\\\/#primaryimage\"},\"image\":{\"@id\":\"https:\\\/\\\/www.lactissima.com\\\/a-tire-d-ailes\\\/fiche-pratique-pour-lassistante-maternelle\\\/#primaryimage\"},\"thumbnailUrl\":\"https:\\\/\\\/www.lactissima.com\\\/a-tire-d-ailes\\\/wp-content\\\/uploads\\\/2010\\\/05\\\/fiche-pratique.jpg\",\"datePublished\":\"2010-05-08T10:05:04+00:00\",\"dateModified\":\"2016-08-03T17:21:51+00:00\",\"author\":{\"@id\":\"https:\\\/\\\/www.lactissima.com\\\/a-tire-d-ailes\\\/#\\\/schema\\\/person\\\/8f98d3a89530861bc1240e6d53d44eed\"},\"description\":\"Je vous propose aujourd'hui une fiche pratique pour l'assistante maternelle ou pour la personne qui s'occupe de votre b\u00e9b\u00e9 en votre absence.\",\"breadcrumb\":{\"@id\":\"https:\\\/\\\/www.lactissima.com\\\/a-tire-d-ailes\\\/fiche-pratique-pour-lassistante-maternelle\\\/#breadcrumb\"},\"inLanguage\":\"fr-FR\",\"potentialAction\":[{\"@type\":\"ReadAction\",\"target\":[\"https:\\\/\\\/www.lactissima.com\\\/a-tire-d-ailes\\\/fiche-pratique-pour-lassistante-maternelle\\\/\"]}]},{\"@type\":\"ImageObject\",\"inLanguage\":\"fr-FR\",\"@id\":\"https:\\\/\\\/www.lactissima.com\\\/a-tire-d-ailes\\\/fiche-pratique-pour-lassistante-maternelle\\\/#primaryimage\",\"url\":\"https:\\\/\\\/www.lactissima.com\\\/a-tire-d-ailes\\\/wp-content\\\/uploads\\\/2010\\\/05\\\/fiche-pratique.jpg\",\"contentUrl\":\"https:\\\/\\\/www.lactissima.com\\\/a-tire-d-ailes\\\/wp-content\\\/uploads\\\/2010\\\/05\\\/fiche-pratique.jpg\",\"width\":235,\"height\":291,\"caption\":\"fiche pratique pour l'assistante maternelle\"},{\"@type\":\"BreadcrumbList\",\"@id\":\"https:\\\/\\\/www.lactissima.com\\\/a-tire-d-ailes\\\/fiche-pratique-pour-lassistante-maternelle\\\/#breadcrumb\",\"itemListElement\":[{\"@type\":\"ListItem\",\"position\":1,\"name\":\"Accueil\",\"item\":\"https:\\\/\\\/www.lactissima.com\\\/a-tire-d-ailes\\\/\"},{\"@type\":\"ListItem\",\"position\":2,\"name\":\"Fiche pratique pour l&rsquo;assistante maternelle\"}]},{\"@type\":\"WebSite\",\"@id\":\"https:\\\/\\\/www.lactissima.com\\\/a-tire-d-ailes\\\/#website\",\"url\":\"https:\\\/\\\/www.lactissima.com\\\/a-tire-d-ailes\\\/\",\"name\":\"A tire d&#039;Ailes\",\"description\":\"Le blog des femmes qui allaitent et travaillent.\",\"potentialAction\":[{\"@type\":\"SearchAction\",\"target\":{\"@type\":\"EntryPoint\",\"urlTemplate\":\"https:\\\/\\\/www.lactissima.com\\\/a-tire-d-ailes\\\/?s={search_term_string}\"},\"query-input\":{\"@type\":\"PropertyValueSpecification\",\"valueRequired\":true,\"valueName\":\"search_term_string\"}}],\"inLanguage\":\"fr-FR\"},{\"@type\":\"Person\",\"@id\":\"https:\\\/\\\/www.lactissima.com\\\/a-tire-d-ailes\\\/#\\\/schema\\\/person\\\/8f98d3a89530861bc1240e6d53d44eed\",\"name\":\"V\u00e9ronique Darmangeat\",\"image\":{\"@type\":\"ImageObject\",\"inLanguage\":\"fr-FR\",\"@id\":\"https:\\\/\\\/secure.gravatar.com\\\/avatar\\\/268c99344c89cebfe4f5df5fa8be43068a18884fc76a29f3206fae98465b9cab?s=96&d=identicon&r=g\",\"url\":\"https:\\\/\\\/secure.gravatar.com\\\/avatar\\\/268c99344c89cebfe4f5df5fa8be43068a18884fc76a29f3206fae98465b9cab?s=96&d=identicon&r=g\",\"contentUrl\":\"https:\\\/\\\/secure.gravatar.com\\\/avatar\\\/268c99344c89cebfe4f5df5fa8be43068a18884fc76a29f3206fae98465b9cab?s=96&d=identicon&r=g\",\"caption\":\"V\u00e9ronique Darmangeat\"},\"sameAs\":[\"https:\\\/\\\/www.lactissima.com\\\/a-tire-d-ailes\",\"www.facebook.com\\\/consultante.en.lactation\"]}]}<\/script>\n<!-- \/ Yoast SEO plugin. -->","yoast_head_json":{"title":"fiche pratique pour l'assistante maternelle","description":"Je vous propose aujourd'hui une fiche pratique pour l'assistante maternelle ou pour la personne qui s'occupe de votre b\u00e9b\u00e9 en votre absence.","robots":{"index":"index","follow":"follow","max-snippet":"max-snippet:-1","max-image-preview":"max-image-preview:large","max-video-preview":"max-video-preview:-1"},"canonical":"https:\/\/www.lactissima.com\/a-tire-d-ailes\/fiche-pratique-pour-lassistante-maternelle\/","og_locale":"fr_FR","og_type":"article","og_title":"fiche pratique pour l'assistante maternelle","og_description":"Je vous propose aujourd'hui une fiche pratique pour l'assistante maternelle ou pour la personne qui s'occupe de votre b\u00e9b\u00e9 en votre absence.","og_url":"https:\/\/www.lactissima.com\/a-tire-d-ailes\/fiche-pratique-pour-lassistante-maternelle\/","og_site_name":"A tire d&#039;Ailes","article_publisher":"https:\/\/www.facebook.com\/consultante.en.lactation","article_author":"www.facebook.com\/consultante.en.lactation","article_published_time":"2010-05-08T10:05:04+00:00","article_modified_time":"2016-08-03T17:21:51+00:00","og_image":[{"width":235,"height":291,"url":"https:\/\/www.lactissima.com\/a-tire-d-ailes\/wp-content\/uploads\/2010\/05\/fiche-pratique.jpg","type":"image\/jpeg"}],"author":"V\u00e9ronique Darmangeat","twitter_card":"summary_large_image","twitter_creator":"@VeroniqueIBCLC","twitter_site":"@VeroniqueIBCLC","twitter_misc":{"\u00c9crit par":"V\u00e9ronique Darmangeat","Dur\u00e9e de lecture estim\u00e9e":"2 minutes"},"schema":{"@context":"https:\/\/schema.org","@graph":[{"@type":"Article","@id":"https:\/\/www.lactissima.com\/a-tire-d-ailes\/fiche-pratique-pour-lassistante-maternelle\/#article","isPartOf":{"@id":"https:\/\/www.lactissima.com\/a-tire-d-ailes\/fiche-pratique-pour-lassistante-maternelle\/"},"author":{"name":"V\u00e9ronique Darmangeat","@id":"https:\/\/www.lactissima.com\/a-tire-d-ailes\/#\/schema\/person\/8f98d3a89530861bc1240e6d53d44eed"},"headline":"Fiche pratique pour l&rsquo;assistante maternelle","datePublished":"2010-05-08T10:05:04+00:00","dateModified":"2016-08-03T17:21:51+00:00","mainEntityOfPage":{"@id":"https:\/\/www.lactissima.com\/a-tire-d-ailes\/fiche-pratique-pour-lassistante-maternelle\/"},"wordCount":457,"commentCount":121,"image":{"@id":"https:\/\/www.lactissima.com\/a-tire-d-ailes\/fiche-pratique-pour-lassistante-maternelle\/#primaryimage"},"thumbnailUrl":"https:\/\/www.lactissima.com\/a-tire-d-ailes\/wp-content\/uploads\/2010\/05\/fiche-pratique.jpg","keywords":["assistante maternelle","biberons","conservation du lait","fiche pratique","lait maternel"],"articleSection":["Allaitement","Allaitement et Travail","Articulation Vie Professionnelle Vie Famille","Mode de garde"],"inLanguage":"fr-FR","potentialAction":[{"@type":"CommentAction","name":"Comment","target":["https:\/\/www.lactissima.com\/a-tire-d-ailes\/fiche-pratique-pour-lassistante-maternelle\/#respond"]}]},{"@type":"WebPage","@id":"https:\/\/www.lactissima.com\/a-tire-d-ailes\/fiche-pratique-pour-lassistante-maternelle\/","url":"https:\/\/www.lactissima.com\/a-tire-d-ailes\/fiche-pratique-pour-lassistante-maternelle\/","name":"fiche pratique pour l'assistante maternelle","isPartOf":{"@id":"https:\/\/www.lactissima.com\/a-tire-d-ailes\/#website"},"primaryImageOfPage":{"@id":"https:\/\/www.lactissima.com\/a-tire-d-ailes\/fiche-pratique-pour-lassistante-maternelle\/#primaryimage"},"image":{"@id":"https:\/\/www.lactissima.com\/a-tire-d-ailes\/fiche-pratique-pour-lassistante-maternelle\/#primaryimage"},"thumbnailUrl":"https:\/\/www.lactissima.com\/a-tire-d-ailes\/wp-content\/uploads\/2010\/05\/fiche-pratique.jpg","datePublished":"2010-05-08T10:05:04+00:00","dateModified":"2016-08-03T17:21:51+00:00","author":{"@id":"https:\/\/www.lactissima.com\/a-tire-d-ailes\/#\/schema\/person\/8f98d3a89530861bc1240e6d53d44eed"},"description":"Je vous propose aujourd'hui une fiche pratique pour l'assistante maternelle ou pour la personne qui s'occupe de votre b\u00e9b\u00e9 en votre absence.","breadcrumb":{"@id":"https:\/\/www.lactissima.com\/a-tire-d-ailes\/fiche-pratique-pour-lassistante-maternelle\/#breadcrumb"},"inLanguage":"fr-FR","potentialAction":[{"@type":"ReadAction","target":["https:\/\/www.lactissima.com\/a-tire-d-ailes\/fiche-pratique-pour-lassistante-maternelle\/"]}]},{"@type":"ImageObject","inLanguage":"fr-FR","@id":"https:\/\/www.lactissima.com\/a-tire-d-ailes\/fiche-pratique-pour-lassistante-maternelle\/#primaryimage","url":"https:\/\/www.lactissima.com\/a-tire-d-ailes\/wp-content\/uploads\/2010\/05\/fiche-pratique.jpg","contentUrl":"https:\/\/www.lactissima.com\/a-tire-d-ailes\/wp-content\/uploads\/2010\/05\/fiche-pratique.jpg","width":235,"height":291,"caption":"fiche pratique pour l'assistante maternelle"},{"@type":"BreadcrumbList","@id":"https:\/\/www.lactissima.com\/a-tire-d-ailes\/fiche-pratique-pour-lassistante-maternelle\/#breadcrumb","itemListElement":[{"@type":"ListItem","position":1,"name":"Accueil","item":"https:\/\/www.lactissima.com\/a-tire-d-ailes\/"},{"@type":"ListItem","position":2,"name":"Fiche pratique pour l&rsquo;assistante maternelle"}]},{"@type":"WebSite","@id":"https:\/\/www.lactissima.com\/a-tire-d-ailes\/#website","url":"https:\/\/www.lactissima.com\/a-tire-d-ailes\/","name":"A tire d&#039;Ailes","description":"Le blog des femmes qui allaitent et travaillent.","potentialAction":[{"@type":"SearchAction","target":{"@type":"EntryPoint","urlTemplate":"https:\/\/www.lactissima.com\/a-tire-d-ailes\/?s={search_term_string}"},"query-input":{"@type":"PropertyValueSpecification","valueRequired":true,"valueName":"search_term_string"}}],"inLanguage":"fr-FR"},{"@type":"Person","@id":"https:\/\/www.lactissima.com\/a-tire-d-ailes\/#\/schema\/person\/8f98d3a89530861bc1240e6d53d44eed","name":"V\u00e9ronique Darmangeat","image":{"@type":"ImageObject","inLanguage":"fr-FR","@id":"https:\/\/secure.gravatar.com\/avatar\/268c99344c89cebfe4f5df5fa8be43068a18884fc76a29f3206fae98465b9cab?s=96&d=identicon&r=g","url":"https:\/\/secure.gravatar.com\/avatar\/268c99344c89cebfe4f5df5fa8be43068a18884fc76a29f3206fae98465b9cab?s=96&d=identicon&r=g","contentUrl":"https:\/\/secure.gravatar.com\/avatar\/268c99344c89cebfe4f5df5fa8be43068a18884fc76a29f3206fae98465b9cab?s=96&d=identicon&r=g","caption":"V\u00e9ronique Darmangeat"},"sameAs":["https:\/\/www.lactissima.com\/a-tire-d-ailes","www.facebook.com\/consultante.en.lactation"]}]}},"_links":{"self":[{"href":"https:\/\/www.lactissima.com\/a-tire-d-ailes\/wp-json\/wp\/v2\/posts\/1292","targetHints":{"allow":["GET"]}}],"collection":[{"href":"https:\/\/www.lactissima.com\/a-tire-d-ailes\/wp-json\/wp\/v2\/posts"}],"about":[{"href":"https:\/\/www.lactissima.com\/a-tire-d-ailes\/wp-json\/wp\/v2\/types\/post"}],"author":[{"embeddable":true,"href":"https:\/\/www.lactissima.com\/a-tire-d-ailes\/wp-json\/wp\/v2\/users\/170"}],"replies":[{"embeddable":true,"href":"https:\/\/www.lactissima.com\/a-tire-d-ailes\/wp-json\/wp\/v2\/comments?post=1292"}],"version-history":[{"count":16,"href":"https:\/\/www.lactissima.com\/a-tire-d-ailes\/wp-json\/wp\/v2\/posts\/1292\/revisions"}],"predecessor-version":[{"id":6833,"href":"https:\/\/www.lactissima.com\/a-tire-d-ailes\/wp-json\/wp\/v2\/posts\/1292\/revisions\/6833"}],"wp:featuredmedia":[{"embeddable":true,"href":"https:\/\/www.lactissima.com\/a-tire-d-ailes\/wp-json\/wp\/v2\/media\/4175"}],"wp:attachment":[{"href":"https:\/\/www.lactissima.com\/a-tire-d-ailes\/wp-json\/wp\/v2\/media?parent=1292"}],"wp:term":[{"taxonomy":"category","embeddable":true,"href":"https:\/\/www.lactissima.com\/a-tire-d-ailes\/wp-json\/wp\/v2\/categories?post=1292"},{"taxonomy":"post_tag","embeddable":true,"href":"https:\/\/www.lactissima.com\/a-tire-d-ailes\/wp-json\/wp\/v2\/tags?post=1292"}],"curies":[{"name":"wp","href":"https:\/\/api.w.org\/{rel}","templated":true}]}}