{"id":1235,"date":"2010-04-03T11:17:21","date_gmt":"2010-04-03T09:17:21","guid":{"rendered":"https:\/\/www.lactissima.com\/a-tire-d-ailes\/?p=1235"},"modified":"2014-03-15T17:05:50","modified_gmt":"2014-03-15T15:05:50","slug":"allaitement-et-travail-de-nuit","status":"publish","type":"post","link":"https:\/\/www.lactissima.com\/a-tire-d-ailes\/allaitement-et-travail-de-nuit\/","title":{"rendered":"Allaitement et travail de nuit"},"content":{"rendered":"<p style=\"text-align: justify;\"><a href=\"https:\/\/www.lactissima.com\/a-tire-d-ailes\/wp-content\/uploads\/chirurgien.jpeg\"><img loading=\"lazy\" decoding=\"async\" class=\"alignright size-full wp-image-1236\" title=\"travail de nuit\" alt=\"Allaitement et travail de nuit\" src=\"https:\/\/www.lactissima.com\/a-tire-d-ailes\/wp-content\/uploads\/chirurgien.jpeg\" width=\"266\" height=\"387\" \/><\/a>Allaitement et travail de nuit : est-ce incompatible ? Le travail de nuit peut prendre de <strong>nombreuses formes<\/strong> : m\u00e9nage en entreprise, m\u00e9decins et infirmi\u00e8res hospitali\u00e8res, accueil d&rsquo;urgence, sages-femmes &#8230;<\/p>\n<p style=\"text-align: justify;\">Si ce rythme de travail est souvent <strong>subit<\/strong>, le travail de nuit est une option <strong>choisie d\u00e9lib\u00e9r\u00e9ment<\/strong> par certaines femmes pour passer <strong>plus de temps<\/strong> avec leurs enfants. En effet, si vous travaillez de nuit, vous avez des jours de r\u00e9cup\u00e9ration et des horaires irr\u00e9guliers, ce qui convient bien \u00e0 <strong>certaines familles<\/strong>.<br \/>\nEn g\u00e9n\u00e9ral, c&rsquo;est tout de m\u00eame une situation <strong>fatigante<\/strong> car vous dormez moins le jour que la nuit habituellement. Il faut donc prendre soin de vous, penser \u00e0 vous forcer \u00e0 faire une <strong>sieste<\/strong> par exemple les jours de r\u00e9cup\u00e9ration, <strong>manger \u00e9quilibr\u00e9<\/strong> car une mauvaise hygi\u00e8ne alimentaire fatigue le corps. Ne succombez pas \u00e0 la tentation de raccourcir vos p\u00e9riodes de <strong>sommeil<\/strong> : vous en avez besoin !<\/p>\n<p style=\"text-align: justify;\">Si votre enfant fait ses nuits, mais que vous souhaitez qu&rsquo;il n&rsquo;ait que votre lait, vous devrez quand m\u00eame <strong>tirer du lait<\/strong> pour que la personne qui s&rsquo;en occupe pendant votre sommeil puisse lui donner. Ou bien vous choisirez de <strong>vous faire r\u00e9veiller<\/strong>, de la m\u00eame mani\u00e8re que les mamans qui g\u00e8rent les r\u00e9veils nocturnes. Dans ce cas, attention \u00e0 la <strong>fatigue<\/strong> !<br \/>\nS&rsquo;il ne fait pas encore ses nuits, vous devrez <strong>pr\u00e9voir du lait<\/strong> pour ses r\u00e9veils nocturnes.<br \/>\nUn des <strong>avantages<\/strong> de cette situation, c&rsquo;est qu&rsquo;en g\u00e9n\u00e9ral, le <strong>papa<\/strong> peut s&rsquo;occuper de votre enfant en votre absence et le nourrir la <strong>nuit<\/strong> en cas de besoin.<\/p>\n<p style=\"text-align: justify;\">Comme vous travaillez en horaires irr\u00e9guliers, <strong>l&rsquo;organisation<\/strong> va s&rsquo;av\u00e9rer plus <strong>compliqu\u00e9e<\/strong> car vous ne pouvez pas compter sur la r\u00e9gularit\u00e9. Le plus simple est alors <strong>d&rsquo;allaiter \u00e0 la demande<\/strong> quand vous \u00eates avec votre b\u00e9b\u00e9 et de g\u00e9rer <strong>ind\u00e9pendamment<\/strong> votre lactation durant les p\u00e9riodes travaill\u00e9es.<br \/>\nSi vous ne souhaitez pas tirer votre lait pour nourrir votre b\u00e9b\u00e9, le plus important est le <strong>confort<\/strong> de vos seins. Veillez \u00e0 ce qu&rsquo;ils ne <strong>s&rsquo;engorgent<\/strong> pas.<\/p>\n<p style=\"text-align: justify;\">Et <strong>vous<\/strong>, travaillez-vous de nuit ? Comment le <strong>vivez<\/strong>-vous ?<\/p>\n<p style=\"text-align: justify;\"><strong>Articles en rapport :<\/strong><\/p>\n<ul>\n<li style=\"text-align: justify;\"><a href=\"https:\/\/www.lactissima.com\/a-tire-d-ailes\/?p=322\">Poursuivre l&rsquo;allaitement lorsque l&rsquo;on travaille en ind\u00e9pendant<\/a><\/li>\n<li style=\"text-align: justify;\"><a href=\"https:\/\/www.lactissima.com\/a-tire-d-ailes\/?p=627\">Allaitement et d\u00e9placements professionnels<\/a><\/li>\n<\/ul>\n<p>&nbsp;<\/p>\n","protected":false},"excerpt":{"rendered":"<p>Si votre enfant fait ses nuits, mais que vous souhaitez qu\u00ef\u00bf\u00bd??il n\u00ef\u00bf\u00bd??ait que votre lait, vous devrez quand m\u00eame tirer du lait pour que la personne qui s\u00ef\u00bf\u00bd??en occupe pendant votre sommeil puisse lui donner. Ou bien vous choisirez de vous faire r\u00e9veiller, de la m\u00eame mani\u00e8re que les mamans qui g\u00e8rent les r\u00e9veils nocturnes. Dans ce cas, attention \u00e0 la fatigue !<\/p>\n","protected":false},"author":170,"featured_media":1236,"comment_status":"open","ping_status":"open","sticky":false,"template":"","format":"standard","meta":{"_et_pb_use_builder":"","_et_pb_old_content":"","_et_gb_content_width":"","footnotes":""},"categories":[35,36,37,45],"tags":[680,92,51,110,202],"class_list":["post-1235","post","type-post","status-publish","format-standard","has-post-thumbnail","hentry","category-allaitement","category-allaitement-et-travail","category-articulation-vie-professionnelle-vie-famille","category-travail-des-femmes","tag-allaitement","tag-engorgement","tag-fatigue","tag-organisation","tag-travail-de-nuit"],"yoast_head":"<!-- This site is optimized with the Yoast SEO plugin v27.4 - https:\/\/yoast.com\/product\/yoast-seo-wordpress\/ -->\n<title>Allaitement et travail de nuit<\/title>\n<meta name=\"description\" content=\"Allaitement et travail de nuit ne sont pas incompatibles et ne n\u00e9cessitent pas forc\u00e9ment de passer par la case sevrage.\" \/>\n<meta name=\"robots\" content=\"index, follow, max-snippet:-1, max-image-preview:large, max-video-preview:-1\" \/>\n<link rel=\"canonical\" href=\"https:\/\/www.lactissima.com\/a-tire-d-ailes\/allaitement-et-travail-de-nuit\/\" \/>\n<meta property=\"og:locale\" content=\"fr_FR\" \/>\n<meta property=\"og:type\" content=\"article\" \/>\n<meta property=\"og:title\" content=\"Allaitement et travail de nuit\" \/>\n<meta property=\"og:description\" content=\"Allaitement et travail de nuit ne sont pas incompatibles et ne n\u00e9cessitent pas forc\u00e9ment de passer par la case sevrage.\" \/>\n<meta property=\"og:url\" content=\"https:\/\/www.lactissima.com\/a-tire-d-ailes\/allaitement-et-travail-de-nuit\/\" \/>\n<meta property=\"og:site_name\" content=\"A tire d&#039;Ailes\" \/>\n<meta property=\"article:publisher\" content=\"https:\/\/www.facebook.com\/consultante.en.lactation\" \/>\n<meta property=\"article:author\" content=\"www.facebook.com\/consultante.en.lactation\" \/>\n<meta property=\"article:published_time\" content=\"2010-04-03T09:17:21+00:00\" \/>\n<meta property=\"article:modified_time\" content=\"2014-03-15T15:05:50+00:00\" \/>\n<meta property=\"og:image\" content=\"https:\/\/www.lactissima.com\/a-tire-d-ailes\/wp-content\/uploads\/chirurgien.jpeg\" \/>\n\t<meta property=\"og:image:width\" content=\"334\" \/>\n\t<meta property=\"og:image:height\" content=\"500\" \/>\n\t<meta property=\"og:image:type\" content=\"image\/jpeg\" \/>\n<meta name=\"author\" content=\"V\u00e9ronique Darmangeat\" \/>\n<meta name=\"twitter:card\" content=\"summary_large_image\" \/>\n<meta name=\"twitter:creator\" content=\"@VeroniqueIBCLC\" \/>\n<meta name=\"twitter:site\" content=\"@VeroniqueIBCLC\" \/>\n<meta name=\"twitter:label1\" content=\"\u00c9crit par\" \/>\n\t<meta name=\"twitter:data1\" content=\"V\u00e9ronique Darmangeat\" \/>\n\t<meta name=\"twitter:label2\" content=\"Dur\u00e9e de lecture estim\u00e9e\" \/>\n\t<meta name=\"twitter:data2\" content=\"2 minutes\" \/>\n<script type=\"application\/ld+json\" class=\"yoast-schema-graph\">{\"@context\":\"https:\\\/\\\/schema.org\",\"@graph\":[{\"@type\":\"Article\",\"@id\":\"https:\\\/\\\/www.lactissima.com\\\/a-tire-d-ailes\\\/allaitement-et-travail-de-nuit\\\/#article\",\"isPartOf\":{\"@id\":\"https:\\\/\\\/www.lactissima.com\\\/a-tire-d-ailes\\\/allaitement-et-travail-de-nuit\\\/\"},\"author\":{\"name\":\"V\u00e9ronique Darmangeat\",\"@id\":\"https:\\\/\\\/www.lactissima.com\\\/a-tire-d-ailes\\\/#\\\/schema\\\/person\\\/8f98d3a89530861bc1240e6d53d44eed\"},\"headline\":\"Allaitement et travail de nuit\",\"datePublished\":\"2010-04-03T09:17:21+00:00\",\"dateModified\":\"2014-03-15T15:05:50+00:00\",\"mainEntityOfPage\":{\"@id\":\"https:\\\/\\\/www.lactissima.com\\\/a-tire-d-ailes\\\/allaitement-et-travail-de-nuit\\\/\"},\"wordCount\":399,\"commentCount\":21,\"image\":{\"@id\":\"https:\\\/\\\/www.lactissima.com\\\/a-tire-d-ailes\\\/allaitement-et-travail-de-nuit\\\/#primaryimage\"},\"thumbnailUrl\":\"https:\\\/\\\/www.lactissima.com\\\/a-tire-d-ailes\\\/wp-content\\\/uploads\\\/chirurgien.jpeg\",\"keywords\":[\"Allaitement\",\"engorgement\",\"fatigue\",\"organisation\",\"travail de nuit\"],\"articleSection\":[\"Allaitement\",\"Allaitement et Travail\",\"Articulation Vie Professionnelle Vie Famille\",\"Travail des femmes\"],\"inLanguage\":\"fr-FR\",\"potentialAction\":[{\"@type\":\"CommentAction\",\"name\":\"Comment\",\"target\":[\"https:\\\/\\\/www.lactissima.com\\\/a-tire-d-ailes\\\/allaitement-et-travail-de-nuit\\\/#respond\"]}]},{\"@type\":\"WebPage\",\"@id\":\"https:\\\/\\\/www.lactissima.com\\\/a-tire-d-ailes\\\/allaitement-et-travail-de-nuit\\\/\",\"url\":\"https:\\\/\\\/www.lactissima.com\\\/a-tire-d-ailes\\\/allaitement-et-travail-de-nuit\\\/\",\"name\":\"Allaitement et travail de nuit\",\"isPartOf\":{\"@id\":\"https:\\\/\\\/www.lactissima.com\\\/a-tire-d-ailes\\\/#website\"},\"primaryImageOfPage\":{\"@id\":\"https:\\\/\\\/www.lactissima.com\\\/a-tire-d-ailes\\\/allaitement-et-travail-de-nuit\\\/#primaryimage\"},\"image\":{\"@id\":\"https:\\\/\\\/www.lactissima.com\\\/a-tire-d-ailes\\\/allaitement-et-travail-de-nuit\\\/#primaryimage\"},\"thumbnailUrl\":\"https:\\\/\\\/www.lactissima.com\\\/a-tire-d-ailes\\\/wp-content\\\/uploads\\\/chirurgien.jpeg\",\"datePublished\":\"2010-04-03T09:17:21+00:00\",\"dateModified\":\"2014-03-15T15:05:50+00:00\",\"author\":{\"@id\":\"https:\\\/\\\/www.lactissima.com\\\/a-tire-d-ailes\\\/#\\\/schema\\\/person\\\/8f98d3a89530861bc1240e6d53d44eed\"},\"description\":\"Allaitement et travail de nuit ne sont pas incompatibles et ne n\u00e9cessitent pas forc\u00e9ment de passer par la case sevrage.\",\"breadcrumb\":{\"@id\":\"https:\\\/\\\/www.lactissima.com\\\/a-tire-d-ailes\\\/allaitement-et-travail-de-nuit\\\/#breadcrumb\"},\"inLanguage\":\"fr-FR\",\"potentialAction\":[{\"@type\":\"ReadAction\",\"target\":[\"https:\\\/\\\/www.lactissima.com\\\/a-tire-d-ailes\\\/allaitement-et-travail-de-nuit\\\/\"]}]},{\"@type\":\"ImageObject\",\"inLanguage\":\"fr-FR\",\"@id\":\"https:\\\/\\\/www.lactissima.com\\\/a-tire-d-ailes\\\/allaitement-et-travail-de-nuit\\\/#primaryimage\",\"url\":\"https:\\\/\\\/www.lactissima.com\\\/a-tire-d-ailes\\\/wp-content\\\/uploads\\\/chirurgien.jpeg\",\"contentUrl\":\"https:\\\/\\\/www.lactissima.com\\\/a-tire-d-ailes\\\/wp-content\\\/uploads\\\/chirurgien.jpeg\",\"width\":\"334\",\"height\":\"500\"},{\"@type\":\"BreadcrumbList\",\"@id\":\"https:\\\/\\\/www.lactissima.com\\\/a-tire-d-ailes\\\/allaitement-et-travail-de-nuit\\\/#breadcrumb\",\"itemListElement\":[{\"@type\":\"ListItem\",\"position\":1,\"name\":\"Accueil\",\"item\":\"https:\\\/\\\/www.lactissima.com\\\/a-tire-d-ailes\\\/\"},{\"@type\":\"ListItem\",\"position\":2,\"name\":\"Allaitement et travail de nuit\"}]},{\"@type\":\"WebSite\",\"@id\":\"https:\\\/\\\/www.lactissima.com\\\/a-tire-d-ailes\\\/#website\",\"url\":\"https:\\\/\\\/www.lactissima.com\\\/a-tire-d-ailes\\\/\",\"name\":\"A tire d&#039;Ailes\",\"description\":\"Le blog des femmes qui allaitent et travaillent.\",\"potentialAction\":[{\"@type\":\"SearchAction\",\"target\":{\"@type\":\"EntryPoint\",\"urlTemplate\":\"https:\\\/\\\/www.lactissima.com\\\/a-tire-d-ailes\\\/?s={search_term_string}\"},\"query-input\":{\"@type\":\"PropertyValueSpecification\",\"valueRequired\":true,\"valueName\":\"search_term_string\"}}],\"inLanguage\":\"fr-FR\"},{\"@type\":\"Person\",\"@id\":\"https:\\\/\\\/www.lactissima.com\\\/a-tire-d-ailes\\\/#\\\/schema\\\/person\\\/8f98d3a89530861bc1240e6d53d44eed\",\"name\":\"V\u00e9ronique Darmangeat\",\"image\":{\"@type\":\"ImageObject\",\"inLanguage\":\"fr-FR\",\"@id\":\"https:\\\/\\\/secure.gravatar.com\\\/avatar\\\/268c99344c89cebfe4f5df5fa8be43068a18884fc76a29f3206fae98465b9cab?s=96&d=identicon&r=g\",\"url\":\"https:\\\/\\\/secure.gravatar.com\\\/avatar\\\/268c99344c89cebfe4f5df5fa8be43068a18884fc76a29f3206fae98465b9cab?s=96&d=identicon&r=g\",\"contentUrl\":\"https:\\\/\\\/secure.gravatar.com\\\/avatar\\\/268c99344c89cebfe4f5df5fa8be43068a18884fc76a29f3206fae98465b9cab?s=96&d=identicon&r=g\",\"caption\":\"V\u00e9ronique Darmangeat\"},\"sameAs\":[\"https:\\\/\\\/www.lactissima.com\\\/a-tire-d-ailes\",\"www.facebook.com\\\/consultante.en.lactation\"]}]}<\/script>\n<!-- \/ Yoast SEO plugin. -->","yoast_head_json":{"title":"Allaitement et travail de nuit","description":"Allaitement et travail de nuit ne sont pas incompatibles et ne n\u00e9cessitent pas forc\u00e9ment de passer par la case sevrage.","robots":{"index":"index","follow":"follow","max-snippet":"max-snippet:-1","max-image-preview":"max-image-preview:large","max-video-preview":"max-video-preview:-1"},"canonical":"https:\/\/www.lactissima.com\/a-tire-d-ailes\/allaitement-et-travail-de-nuit\/","og_locale":"fr_FR","og_type":"article","og_title":"Allaitement et travail de nuit","og_description":"Allaitement et travail de nuit ne sont pas incompatibles et ne n\u00e9cessitent pas forc\u00e9ment de passer par la case sevrage.","og_url":"https:\/\/www.lactissima.com\/a-tire-d-ailes\/allaitement-et-travail-de-nuit\/","og_site_name":"A tire d&#039;Ailes","article_publisher":"https:\/\/www.facebook.com\/consultante.en.lactation","article_author":"www.facebook.com\/consultante.en.lactation","article_published_time":"2010-04-03T09:17:21+00:00","article_modified_time":"2014-03-15T15:05:50+00:00","og_image":[{"width":334,"height":500,"url":"https:\/\/www.lactissima.com\/a-tire-d-ailes\/wp-content\/uploads\/chirurgien.jpeg","type":"image\/jpeg"}],"author":"V\u00e9ronique Darmangeat","twitter_card":"summary_large_image","twitter_creator":"@VeroniqueIBCLC","twitter_site":"@VeroniqueIBCLC","twitter_misc":{"\u00c9crit par":"V\u00e9ronique Darmangeat","Dur\u00e9e de lecture estim\u00e9e":"2 minutes"},"schema":{"@context":"https:\/\/schema.org","@graph":[{"@type":"Article","@id":"https:\/\/www.lactissima.com\/a-tire-d-ailes\/allaitement-et-travail-de-nuit\/#article","isPartOf":{"@id":"https:\/\/www.lactissima.com\/a-tire-d-ailes\/allaitement-et-travail-de-nuit\/"},"author":{"name":"V\u00e9ronique Darmangeat","@id":"https:\/\/www.lactissima.com\/a-tire-d-ailes\/#\/schema\/person\/8f98d3a89530861bc1240e6d53d44eed"},"headline":"Allaitement et travail de nuit","datePublished":"2010-04-03T09:17:21+00:00","dateModified":"2014-03-15T15:05:50+00:00","mainEntityOfPage":{"@id":"https:\/\/www.lactissima.com\/a-tire-d-ailes\/allaitement-et-travail-de-nuit\/"},"wordCount":399,"commentCount":21,"image":{"@id":"https:\/\/www.lactissima.com\/a-tire-d-ailes\/allaitement-et-travail-de-nuit\/#primaryimage"},"thumbnailUrl":"https:\/\/www.lactissima.com\/a-tire-d-ailes\/wp-content\/uploads\/chirurgien.jpeg","keywords":["Allaitement","engorgement","fatigue","organisation","travail de nuit"],"articleSection":["Allaitement","Allaitement et Travail","Articulation Vie Professionnelle Vie Famille","Travail des femmes"],"inLanguage":"fr-FR","potentialAction":[{"@type":"CommentAction","name":"Comment","target":["https:\/\/www.lactissima.com\/a-tire-d-ailes\/allaitement-et-travail-de-nuit\/#respond"]}]},{"@type":"WebPage","@id":"https:\/\/www.lactissima.com\/a-tire-d-ailes\/allaitement-et-travail-de-nuit\/","url":"https:\/\/www.lactissima.com\/a-tire-d-ailes\/allaitement-et-travail-de-nuit\/","name":"Allaitement et travail de nuit","isPartOf":{"@id":"https:\/\/www.lactissima.com\/a-tire-d-ailes\/#website"},"primaryImageOfPage":{"@id":"https:\/\/www.lactissima.com\/a-tire-d-ailes\/allaitement-et-travail-de-nuit\/#primaryimage"},"image":{"@id":"https:\/\/www.lactissima.com\/a-tire-d-ailes\/allaitement-et-travail-de-nuit\/#primaryimage"},"thumbnailUrl":"https:\/\/www.lactissima.com\/a-tire-d-ailes\/wp-content\/uploads\/chirurgien.jpeg","datePublished":"2010-04-03T09:17:21+00:00","dateModified":"2014-03-15T15:05:50+00:00","author":{"@id":"https:\/\/www.lactissima.com\/a-tire-d-ailes\/#\/schema\/person\/8f98d3a89530861bc1240e6d53d44eed"},"description":"Allaitement et travail de nuit ne sont pas incompatibles et ne n\u00e9cessitent pas forc\u00e9ment de passer par la case sevrage.","breadcrumb":{"@id":"https:\/\/www.lactissima.com\/a-tire-d-ailes\/allaitement-et-travail-de-nuit\/#breadcrumb"},"inLanguage":"fr-FR","potentialAction":[{"@type":"ReadAction","target":["https:\/\/www.lactissima.com\/a-tire-d-ailes\/allaitement-et-travail-de-nuit\/"]}]},{"@type":"ImageObject","inLanguage":"fr-FR","@id":"https:\/\/www.lactissima.com\/a-tire-d-ailes\/allaitement-et-travail-de-nuit\/#primaryimage","url":"https:\/\/www.lactissima.com\/a-tire-d-ailes\/wp-content\/uploads\/chirurgien.jpeg","contentUrl":"https:\/\/www.lactissima.com\/a-tire-d-ailes\/wp-content\/uploads\/chirurgien.jpeg","width":"334","height":"500"},{"@type":"BreadcrumbList","@id":"https:\/\/www.lactissima.com\/a-tire-d-ailes\/allaitement-et-travail-de-nuit\/#breadcrumb","itemListElement":[{"@type":"ListItem","position":1,"name":"Accueil","item":"https:\/\/www.lactissima.com\/a-tire-d-ailes\/"},{"@type":"ListItem","position":2,"name":"Allaitement et travail de nuit"}]},{"@type":"WebSite","@id":"https:\/\/www.lactissima.com\/a-tire-d-ailes\/#website","url":"https:\/\/www.lactissima.com\/a-tire-d-ailes\/","name":"A tire d&#039;Ailes","description":"Le blog des femmes qui allaitent et travaillent.","potentialAction":[{"@type":"SearchAction","target":{"@type":"EntryPoint","urlTemplate":"https:\/\/www.lactissima.com\/a-tire-d-ailes\/?s={search_term_string}"},"query-input":{"@type":"PropertyValueSpecification","valueRequired":true,"valueName":"search_term_string"}}],"inLanguage":"fr-FR"},{"@type":"Person","@id":"https:\/\/www.lactissima.com\/a-tire-d-ailes\/#\/schema\/person\/8f98d3a89530861bc1240e6d53d44eed","name":"V\u00e9ronique Darmangeat","image":{"@type":"ImageObject","inLanguage":"fr-FR","@id":"https:\/\/secure.gravatar.com\/avatar\/268c99344c89cebfe4f5df5fa8be43068a18884fc76a29f3206fae98465b9cab?s=96&d=identicon&r=g","url":"https:\/\/secure.gravatar.com\/avatar\/268c99344c89cebfe4f5df5fa8be43068a18884fc76a29f3206fae98465b9cab?s=96&d=identicon&r=g","contentUrl":"https:\/\/secure.gravatar.com\/avatar\/268c99344c89cebfe4f5df5fa8be43068a18884fc76a29f3206fae98465b9cab?s=96&d=identicon&r=g","caption":"V\u00e9ronique Darmangeat"},"sameAs":["https:\/\/www.lactissima.com\/a-tire-d-ailes","www.facebook.com\/consultante.en.lactation"]}]}},"_links":{"self":[{"href":"https:\/\/www.lactissima.com\/a-tire-d-ailes\/wp-json\/wp\/v2\/posts\/1235","targetHints":{"allow":["GET"]}}],"collection":[{"href":"https:\/\/www.lactissima.com\/a-tire-d-ailes\/wp-json\/wp\/v2\/posts"}],"about":[{"href":"https:\/\/www.lactissima.com\/a-tire-d-ailes\/wp-json\/wp\/v2\/types\/post"}],"author":[{"embeddable":true,"href":"https:\/\/www.lactissima.com\/a-tire-d-ailes\/wp-json\/wp\/v2\/users\/170"}],"replies":[{"embeddable":true,"href":"https:\/\/www.lactissima.com\/a-tire-d-ailes\/wp-json\/wp\/v2\/comments?post=1235"}],"version-history":[{"count":14,"href":"https:\/\/www.lactissima.com\/a-tire-d-ailes\/wp-json\/wp\/v2\/posts\/1235\/revisions"}],"predecessor-version":[{"id":5491,"href":"https:\/\/www.lactissima.com\/a-tire-d-ailes\/wp-json\/wp\/v2\/posts\/1235\/revisions\/5491"}],"wp:featuredmedia":[{"embeddable":true,"href":"https:\/\/www.lactissima.com\/a-tire-d-ailes\/wp-json\/wp\/v2\/media\/1236"}],"wp:attachment":[{"href":"https:\/\/www.lactissima.com\/a-tire-d-ailes\/wp-json\/wp\/v2\/media?parent=1235"}],"wp:term":[{"taxonomy":"category","embeddable":true,"href":"https:\/\/www.lactissima.com\/a-tire-d-ailes\/wp-json\/wp\/v2\/categories?post=1235"},{"taxonomy":"post_tag","embeddable":true,"href":"https:\/\/www.lactissima.com\/a-tire-d-ailes\/wp-json\/wp\/v2\/tags?post=1235"}],"curies":[{"name":"wp","href":"https:\/\/api.w.org\/{rel}","templated":true}]}}