{"id":1184,"date":"2010-06-03T11:56:15","date_gmt":"2010-06-03T09:56:15","guid":{"rendered":"https:\/\/www.lactissima.com\/a-tire-d-ailes\/?p=1184"},"modified":"2014-03-15T17:03:40","modified_gmt":"2014-03-15T15:03:40","slug":"creche-et-allaitement","status":"publish","type":"post","link":"https:\/\/www.lactissima.com\/a-tire-d-ailes\/creche-et-allaitement\/","title":{"rendered":"Interview d&rsquo;une directrice de cr\u00e8che"},"content":{"rendered":"<p style=\"text-align: justify;\"><a href=\"https:\/\/www.lactissima.com\/a-tire-d-ailes\/wp-content\/uploads\/2010\/06\/cr\u00e8che.jpg\"><img loading=\"lazy\" decoding=\"async\" class=\"alignright size-full wp-image-4534\" title=\"cr\u00e8che et allaitement\" alt=\"cr\u00e8che et allaitement\" src=\"https:\/\/www.lactissima.com\/a-tire-d-ailes\/wp-content\/uploads\/2010\/06\/cr\u00e8che.jpg\" width=\"284\" height=\"190\" \/><\/a>Aujourd&rsquo;hui, gr\u00e2ce \u00e0 Clara, j&rsquo;ai interview\u00e9 pour vous Emilie Delourme qui est directrice de cr\u00e8che. Elle accueille r\u00e9guli\u00e8rement des b\u00e9b\u00e9s allait\u00e9s au sein de sa cr\u00e8che et elle nous donne son point de vue sur cr\u00e8che et allaitement.<\/p>\n<ul style=\"text-align: justify;\">\n<li><strong>Bonjour ! Comment se passe l&rsquo;accueil des b\u00e9b\u00e9s allait\u00e9s dans votre cr\u00e8che ?<\/strong><\/li>\n<\/ul>\n<p style=\"text-align: justify;\">Au sein de notre cr\u00e8che, nous accueillons des b\u00e9b\u00e9s allait\u00e9s et j&rsquo;explique toujours aux parents qu&rsquo;il est possible, s&rsquo;ils le souhaitent, de continuer l&rsquo;allaitement \u00e0 l&rsquo;entr\u00e9e en cr\u00e8che. Je l&rsquo;explique d\u00e8s l&rsquo;inscription qui a lieu pendant la grossesse. Je leur donne un document de la ville qui parle de ce sujet. Je leur donne \u00e9galement des conseils sur la mani\u00e8re de tirer leur lait ou de concilier travail et allaitement.<br \/>\nDans notre cr\u00e8che les m\u00e8res peuvent apporter leur lait (congel\u00e9) ou faire un allaitement mixte. Le b\u00e9b\u00e9 prend alors des biberons de lait artificiel \u00e0 la cr\u00e8che et continue de t\u00e9ter \u00e0 la maison.<br \/>\nJe travaille \u00e9galement avec l&rsquo;\u00e9quipe sur les diff\u00e9rences de rythmes alimentaires des b\u00e9b\u00e9s allait\u00e9s. Quand c&rsquo;est n\u00e9cessaire, nous donnons de plus petits biberons, plus souvent, nous nous adaptons \u00e0 chaque b\u00e9b\u00e9.<\/p>\n<ul style=\"text-align: justify;\">\n<li><strong>Quelles difficult\u00e9s pouvez-vous rencontrer avec des b\u00e9b\u00e9s allait\u00e9s ?<\/strong><\/li>\n<\/ul>\n<p style=\"text-align: justify;\">Souvent nous devons faire face \u00e0 un refus du sein au d\u00e9but. Un b\u00e9b\u00e9 africain que nous accueillons en ce moment a eu besoin de chants africains, de son doudou portant l&rsquo;odeur de sa m\u00e8re pour accepter le biberon.<\/p>\n<p style=\"text-align: justify;\">Pour le personnel, un b\u00e9b\u00e9 allait\u00e9 demande plus d&rsquo;imagination, de temps (car il faut pr\u00e9parer plus de biberons) et d&rsquo;investissement. Le personnel doit y mettre de sa personne mais ce n&rsquo;est pas plus difficile qu&rsquo;accueillir un b\u00e9b\u00e9 qui a des difficult\u00e9s de sommeil par exemple.<br \/>\nParfois, il faut accorder le rythme d&rsquo;allaitement et de sommeil du b\u00e9b\u00e9.<\/p>\n<ul style=\"text-align: justify;\">\n<li><strong>Voyez-vous des avantages \u00e0 accueillir des b\u00e9b\u00e9s allait\u00e9s ?<\/strong><\/li>\n<\/ul>\n<p style=\"text-align: justify;\">Oui, c&rsquo;est super ! Ils ont plus d&rsquo;assurance dans le monde. C&rsquo;est aussi faire preuve de respect pour la maman. Le lien entre la maison et la cr\u00e8che se fait mieux, plus en douceur.<br \/>\nL&rsquo;immunit\u00e9 des b\u00e9b\u00e9s allait\u00e9s est meilleure : quand ils sont malades, ils le sont moins gravement.<\/p>\n<ul style=\"text-align: justify;\">\n<li><strong>Que souhaiteriez-vous dire aux mamans allaitantes qui vous confiant leurs enfants ?<\/strong><\/li>\n<\/ul>\n<p style=\"text-align: justify;\">Faites-le ! Continuez \u00e0 prendre plaisir \u00e0 allaiter. N&rsquo;h\u00e9sitez pas \u00e0 vous faire aider : avoir des lieux de reflexion par exemple.<br \/>\nPour nous c&rsquo;est facile d&rsquo;accompagner les parents qui savent d\u00e9j\u00e0 ce qu&rsquo;ils veulent faire par rapport \u00e0 l&rsquo;allaitement.<br \/>\nEt si vous souhaitez venir allaiter votre enfant \u00e0 la cr\u00e8che, il n&rsquo;y a pas de raison que cela cr\u00e9e des difficult\u00e9s suppl\u00e9mentaires.<\/p>\n<p style=\"text-align: justify;\">Merci \u00e0 Emilie d&rsquo;avoir pris le temps de me r\u00e9pondre !<\/p>\n<p>&nbsp;<\/p>\n","protected":false},"excerpt":{"rendered":"<p>Au sein de notre cr\u00e8che, nous accueillons des b\u00e9b\u00e9s allait\u00e9s et j&rsquo;explique toujours aux parents qu&rsquo;il est possible, s&rsquo;ils le souhaitent, de continuer l&rsquo;allaitement \u00e0 l&rsquo;entr\u00e9e en cr\u00e8che.<\/p>\n","protected":false},"author":170,"featured_media":4534,"comment_status":"open","ping_status":"open","sticky":false,"template":"","format":"standard","meta":{"_et_pb_use_builder":"","_et_pb_old_content":"","_et_gb_content_width":"","footnotes":""},"categories":[35,37],"tags":[219,48,50],"class_list":["post-1184","post","type-post","status-publish","format-standard","has-post-thumbnail","hentry","category-allaitement","category-articulation-vie-professionnelle-vie-famille","tag-bebe-allaite","tag-biberon","tag-creche"],"yoast_head":"<!-- This site is optimized with the Yoast SEO plugin v27.4 - https:\/\/yoast.com\/product\/yoast-seo-wordpress\/ -->\n<title>cr\u00e8che et allaitement<\/title>\n<meta name=\"description\" content=\"L&#039;interview d&#039;une directrice de cr\u00e8che qui concilie cr\u00e8che et allaitement.\" \/>\n<meta name=\"robots\" content=\"index, follow, max-snippet:-1, max-image-preview:large, max-video-preview:-1\" \/>\n<link rel=\"canonical\" href=\"https:\/\/www.lactissima.com\/a-tire-d-ailes\/creche-et-allaitement\/\" \/>\n<meta property=\"og:locale\" content=\"fr_FR\" \/>\n<meta property=\"og:type\" content=\"article\" \/>\n<meta property=\"og:title\" content=\"cr\u00e8che et allaitement\" \/>\n<meta property=\"og:description\" content=\"L&#039;interview d&#039;une directrice de cr\u00e8che qui concilie cr\u00e8che et allaitement.\" \/>\n<meta property=\"og:url\" content=\"https:\/\/www.lactissima.com\/a-tire-d-ailes\/creche-et-allaitement\/\" \/>\n<meta property=\"og:site_name\" content=\"A tire d&#039;Ailes\" \/>\n<meta property=\"article:publisher\" content=\"https:\/\/www.facebook.com\/consultante.en.lactation\" \/>\n<meta property=\"article:author\" content=\"www.facebook.com\/consultante.en.lactation\" \/>\n<meta property=\"article:published_time\" content=\"2010-06-03T09:56:15+00:00\" \/>\n<meta property=\"article:modified_time\" content=\"2014-03-15T15:03:40+00:00\" \/>\n<meta property=\"og:image\" content=\"https:\/\/www.lactissima.com\/a-tire-d-ailes\/wp-content\/uploads\/2010\/06\/cr\u00e8che.jpg\" \/>\n\t<meta property=\"og:image:width\" content=\"284\" \/>\n\t<meta property=\"og:image:height\" content=\"190\" \/>\n\t<meta property=\"og:image:type\" content=\"image\/jpeg\" \/>\n<meta name=\"author\" content=\"V\u00e9ronique Darmangeat\" \/>\n<meta name=\"twitter:card\" content=\"summary_large_image\" \/>\n<meta name=\"twitter:creator\" content=\"@VeroniqueIBCLC\" \/>\n<meta name=\"twitter:site\" content=\"@VeroniqueIBCLC\" \/>\n<meta name=\"twitter:label1\" content=\"\u00c9crit par\" \/>\n\t<meta name=\"twitter:data1\" content=\"V\u00e9ronique Darmangeat\" \/>\n\t<meta name=\"twitter:label2\" content=\"Dur\u00e9e de lecture estim\u00e9e\" \/>\n\t<meta name=\"twitter:data2\" content=\"2 minutes\" \/>\n<script type=\"application\/ld+json\" class=\"yoast-schema-graph\">{\"@context\":\"https:\\\/\\\/schema.org\",\"@graph\":[{\"@type\":\"Article\",\"@id\":\"https:\\\/\\\/www.lactissima.com\\\/a-tire-d-ailes\\\/creche-et-allaitement\\\/#article\",\"isPartOf\":{\"@id\":\"https:\\\/\\\/www.lactissima.com\\\/a-tire-d-ailes\\\/creche-et-allaitement\\\/\"},\"author\":{\"name\":\"V\u00e9ronique Darmangeat\",\"@id\":\"https:\\\/\\\/www.lactissima.com\\\/a-tire-d-ailes\\\/#\\\/schema\\\/person\\\/8f98d3a89530861bc1240e6d53d44eed\"},\"headline\":\"Interview d&rsquo;une directrice de cr\u00e8che\",\"datePublished\":\"2010-06-03T09:56:15+00:00\",\"dateModified\":\"2014-03-15T15:03:40+00:00\",\"mainEntityOfPage\":{\"@id\":\"https:\\\/\\\/www.lactissima.com\\\/a-tire-d-ailes\\\/creche-et-allaitement\\\/\"},\"wordCount\":508,\"commentCount\":21,\"image\":{\"@id\":\"https:\\\/\\\/www.lactissima.com\\\/a-tire-d-ailes\\\/creche-et-allaitement\\\/#primaryimage\"},\"thumbnailUrl\":\"https:\\\/\\\/www.lactissima.com\\\/a-tire-d-ailes\\\/wp-content\\\/uploads\\\/2010\\\/06\\\/cr\u00e8che.jpg\",\"keywords\":[\"b\u00e9b\u00e9 allait\u00e9\",\"biberon\",\"cr\u00e8che\"],\"articleSection\":[\"Allaitement\",\"Articulation Vie Professionnelle Vie Famille\"],\"inLanguage\":\"fr-FR\",\"potentialAction\":[{\"@type\":\"CommentAction\",\"name\":\"Comment\",\"target\":[\"https:\\\/\\\/www.lactissima.com\\\/a-tire-d-ailes\\\/creche-et-allaitement\\\/#respond\"]}]},{\"@type\":\"WebPage\",\"@id\":\"https:\\\/\\\/www.lactissima.com\\\/a-tire-d-ailes\\\/creche-et-allaitement\\\/\",\"url\":\"https:\\\/\\\/www.lactissima.com\\\/a-tire-d-ailes\\\/creche-et-allaitement\\\/\",\"name\":\"cr\u00e8che et allaitement\",\"isPartOf\":{\"@id\":\"https:\\\/\\\/www.lactissima.com\\\/a-tire-d-ailes\\\/#website\"},\"primaryImageOfPage\":{\"@id\":\"https:\\\/\\\/www.lactissima.com\\\/a-tire-d-ailes\\\/creche-et-allaitement\\\/#primaryimage\"},\"image\":{\"@id\":\"https:\\\/\\\/www.lactissima.com\\\/a-tire-d-ailes\\\/creche-et-allaitement\\\/#primaryimage\"},\"thumbnailUrl\":\"https:\\\/\\\/www.lactissima.com\\\/a-tire-d-ailes\\\/wp-content\\\/uploads\\\/2010\\\/06\\\/cr\u00e8che.jpg\",\"datePublished\":\"2010-06-03T09:56:15+00:00\",\"dateModified\":\"2014-03-15T15:03:40+00:00\",\"author\":{\"@id\":\"https:\\\/\\\/www.lactissima.com\\\/a-tire-d-ailes\\\/#\\\/schema\\\/person\\\/8f98d3a89530861bc1240e6d53d44eed\"},\"description\":\"L'interview d'une directrice de cr\u00e8che qui concilie cr\u00e8che et allaitement.\",\"breadcrumb\":{\"@id\":\"https:\\\/\\\/www.lactissima.com\\\/a-tire-d-ailes\\\/creche-et-allaitement\\\/#breadcrumb\"},\"inLanguage\":\"fr-FR\",\"potentialAction\":[{\"@type\":\"ReadAction\",\"target\":[\"https:\\\/\\\/www.lactissima.com\\\/a-tire-d-ailes\\\/creche-et-allaitement\\\/\"]}]},{\"@type\":\"ImageObject\",\"inLanguage\":\"fr-FR\",\"@id\":\"https:\\\/\\\/www.lactissima.com\\\/a-tire-d-ailes\\\/creche-et-allaitement\\\/#primaryimage\",\"url\":\"https:\\\/\\\/www.lactissima.com\\\/a-tire-d-ailes\\\/wp-content\\\/uploads\\\/2010\\\/06\\\/cr\u00e8che.jpg\",\"contentUrl\":\"https:\\\/\\\/www.lactissima.com\\\/a-tire-d-ailes\\\/wp-content\\\/uploads\\\/2010\\\/06\\\/cr\u00e8che.jpg\",\"width\":284,\"height\":190},{\"@type\":\"BreadcrumbList\",\"@id\":\"https:\\\/\\\/www.lactissima.com\\\/a-tire-d-ailes\\\/creche-et-allaitement\\\/#breadcrumb\",\"itemListElement\":[{\"@type\":\"ListItem\",\"position\":1,\"name\":\"Accueil\",\"item\":\"https:\\\/\\\/www.lactissima.com\\\/a-tire-d-ailes\\\/\"},{\"@type\":\"ListItem\",\"position\":2,\"name\":\"Interview d&rsquo;une directrice de cr\u00e8che\"}]},{\"@type\":\"WebSite\",\"@id\":\"https:\\\/\\\/www.lactissima.com\\\/a-tire-d-ailes\\\/#website\",\"url\":\"https:\\\/\\\/www.lactissima.com\\\/a-tire-d-ailes\\\/\",\"name\":\"A tire d&#039;Ailes\",\"description\":\"Le blog des femmes qui allaitent et travaillent.\",\"potentialAction\":[{\"@type\":\"SearchAction\",\"target\":{\"@type\":\"EntryPoint\",\"urlTemplate\":\"https:\\\/\\\/www.lactissima.com\\\/a-tire-d-ailes\\\/?s={search_term_string}\"},\"query-input\":{\"@type\":\"PropertyValueSpecification\",\"valueRequired\":true,\"valueName\":\"search_term_string\"}}],\"inLanguage\":\"fr-FR\"},{\"@type\":\"Person\",\"@id\":\"https:\\\/\\\/www.lactissima.com\\\/a-tire-d-ailes\\\/#\\\/schema\\\/person\\\/8f98d3a89530861bc1240e6d53d44eed\",\"name\":\"V\u00e9ronique Darmangeat\",\"image\":{\"@type\":\"ImageObject\",\"inLanguage\":\"fr-FR\",\"@id\":\"https:\\\/\\\/secure.gravatar.com\\\/avatar\\\/268c99344c89cebfe4f5df5fa8be43068a18884fc76a29f3206fae98465b9cab?s=96&d=identicon&r=g\",\"url\":\"https:\\\/\\\/secure.gravatar.com\\\/avatar\\\/268c99344c89cebfe4f5df5fa8be43068a18884fc76a29f3206fae98465b9cab?s=96&d=identicon&r=g\",\"contentUrl\":\"https:\\\/\\\/secure.gravatar.com\\\/avatar\\\/268c99344c89cebfe4f5df5fa8be43068a18884fc76a29f3206fae98465b9cab?s=96&d=identicon&r=g\",\"caption\":\"V\u00e9ronique Darmangeat\"},\"sameAs\":[\"https:\\\/\\\/www.lactissima.com\\\/a-tire-d-ailes\",\"www.facebook.com\\\/consultante.en.lactation\"]}]}<\/script>\n<!-- \/ Yoast SEO plugin. -->","yoast_head_json":{"title":"cr\u00e8che et allaitement","description":"L'interview d'une directrice de cr\u00e8che qui concilie cr\u00e8che et allaitement.","robots":{"index":"index","follow":"follow","max-snippet":"max-snippet:-1","max-image-preview":"max-image-preview:large","max-video-preview":"max-video-preview:-1"},"canonical":"https:\/\/www.lactissima.com\/a-tire-d-ailes\/creche-et-allaitement\/","og_locale":"fr_FR","og_type":"article","og_title":"cr\u00e8che et allaitement","og_description":"L'interview d'une directrice de cr\u00e8che qui concilie cr\u00e8che et allaitement.","og_url":"https:\/\/www.lactissima.com\/a-tire-d-ailes\/creche-et-allaitement\/","og_site_name":"A tire d&#039;Ailes","article_publisher":"https:\/\/www.facebook.com\/consultante.en.lactation","article_author":"www.facebook.com\/consultante.en.lactation","article_published_time":"2010-06-03T09:56:15+00:00","article_modified_time":"2014-03-15T15:03:40+00:00","og_image":[{"width":284,"height":190,"url":"https:\/\/www.lactissima.com\/a-tire-d-ailes\/wp-content\/uploads\/2010\/06\/cr\u00e8che.jpg","type":"image\/jpeg"}],"author":"V\u00e9ronique Darmangeat","twitter_card":"summary_large_image","twitter_creator":"@VeroniqueIBCLC","twitter_site":"@VeroniqueIBCLC","twitter_misc":{"\u00c9crit par":"V\u00e9ronique Darmangeat","Dur\u00e9e de lecture estim\u00e9e":"2 minutes"},"schema":{"@context":"https:\/\/schema.org","@graph":[{"@type":"Article","@id":"https:\/\/www.lactissima.com\/a-tire-d-ailes\/creche-et-allaitement\/#article","isPartOf":{"@id":"https:\/\/www.lactissima.com\/a-tire-d-ailes\/creche-et-allaitement\/"},"author":{"name":"V\u00e9ronique Darmangeat","@id":"https:\/\/www.lactissima.com\/a-tire-d-ailes\/#\/schema\/person\/8f98d3a89530861bc1240e6d53d44eed"},"headline":"Interview d&rsquo;une directrice de cr\u00e8che","datePublished":"2010-06-03T09:56:15+00:00","dateModified":"2014-03-15T15:03:40+00:00","mainEntityOfPage":{"@id":"https:\/\/www.lactissima.com\/a-tire-d-ailes\/creche-et-allaitement\/"},"wordCount":508,"commentCount":21,"image":{"@id":"https:\/\/www.lactissima.com\/a-tire-d-ailes\/creche-et-allaitement\/#primaryimage"},"thumbnailUrl":"https:\/\/www.lactissima.com\/a-tire-d-ailes\/wp-content\/uploads\/2010\/06\/cr\u00e8che.jpg","keywords":["b\u00e9b\u00e9 allait\u00e9","biberon","cr\u00e8che"],"articleSection":["Allaitement","Articulation Vie Professionnelle Vie Famille"],"inLanguage":"fr-FR","potentialAction":[{"@type":"CommentAction","name":"Comment","target":["https:\/\/www.lactissima.com\/a-tire-d-ailes\/creche-et-allaitement\/#respond"]}]},{"@type":"WebPage","@id":"https:\/\/www.lactissima.com\/a-tire-d-ailes\/creche-et-allaitement\/","url":"https:\/\/www.lactissima.com\/a-tire-d-ailes\/creche-et-allaitement\/","name":"cr\u00e8che et allaitement","isPartOf":{"@id":"https:\/\/www.lactissima.com\/a-tire-d-ailes\/#website"},"primaryImageOfPage":{"@id":"https:\/\/www.lactissima.com\/a-tire-d-ailes\/creche-et-allaitement\/#primaryimage"},"image":{"@id":"https:\/\/www.lactissima.com\/a-tire-d-ailes\/creche-et-allaitement\/#primaryimage"},"thumbnailUrl":"https:\/\/www.lactissima.com\/a-tire-d-ailes\/wp-content\/uploads\/2010\/06\/cr\u00e8che.jpg","datePublished":"2010-06-03T09:56:15+00:00","dateModified":"2014-03-15T15:03:40+00:00","author":{"@id":"https:\/\/www.lactissima.com\/a-tire-d-ailes\/#\/schema\/person\/8f98d3a89530861bc1240e6d53d44eed"},"description":"L'interview d'une directrice de cr\u00e8che qui concilie cr\u00e8che et allaitement.","breadcrumb":{"@id":"https:\/\/www.lactissima.com\/a-tire-d-ailes\/creche-et-allaitement\/#breadcrumb"},"inLanguage":"fr-FR","potentialAction":[{"@type":"ReadAction","target":["https:\/\/www.lactissima.com\/a-tire-d-ailes\/creche-et-allaitement\/"]}]},{"@type":"ImageObject","inLanguage":"fr-FR","@id":"https:\/\/www.lactissima.com\/a-tire-d-ailes\/creche-et-allaitement\/#primaryimage","url":"https:\/\/www.lactissima.com\/a-tire-d-ailes\/wp-content\/uploads\/2010\/06\/cr\u00e8che.jpg","contentUrl":"https:\/\/www.lactissima.com\/a-tire-d-ailes\/wp-content\/uploads\/2010\/06\/cr\u00e8che.jpg","width":284,"height":190},{"@type":"BreadcrumbList","@id":"https:\/\/www.lactissima.com\/a-tire-d-ailes\/creche-et-allaitement\/#breadcrumb","itemListElement":[{"@type":"ListItem","position":1,"name":"Accueil","item":"https:\/\/www.lactissima.com\/a-tire-d-ailes\/"},{"@type":"ListItem","position":2,"name":"Interview d&rsquo;une directrice de cr\u00e8che"}]},{"@type":"WebSite","@id":"https:\/\/www.lactissima.com\/a-tire-d-ailes\/#website","url":"https:\/\/www.lactissima.com\/a-tire-d-ailes\/","name":"A tire d&#039;Ailes","description":"Le blog des femmes qui allaitent et travaillent.","potentialAction":[{"@type":"SearchAction","target":{"@type":"EntryPoint","urlTemplate":"https:\/\/www.lactissima.com\/a-tire-d-ailes\/?s={search_term_string}"},"query-input":{"@type":"PropertyValueSpecification","valueRequired":true,"valueName":"search_term_string"}}],"inLanguage":"fr-FR"},{"@type":"Person","@id":"https:\/\/www.lactissima.com\/a-tire-d-ailes\/#\/schema\/person\/8f98d3a89530861bc1240e6d53d44eed","name":"V\u00e9ronique Darmangeat","image":{"@type":"ImageObject","inLanguage":"fr-FR","@id":"https:\/\/secure.gravatar.com\/avatar\/268c99344c89cebfe4f5df5fa8be43068a18884fc76a29f3206fae98465b9cab?s=96&d=identicon&r=g","url":"https:\/\/secure.gravatar.com\/avatar\/268c99344c89cebfe4f5df5fa8be43068a18884fc76a29f3206fae98465b9cab?s=96&d=identicon&r=g","contentUrl":"https:\/\/secure.gravatar.com\/avatar\/268c99344c89cebfe4f5df5fa8be43068a18884fc76a29f3206fae98465b9cab?s=96&d=identicon&r=g","caption":"V\u00e9ronique Darmangeat"},"sameAs":["https:\/\/www.lactissima.com\/a-tire-d-ailes","www.facebook.com\/consultante.en.lactation"]}]}},"_links":{"self":[{"href":"https:\/\/www.lactissima.com\/a-tire-d-ailes\/wp-json\/wp\/v2\/posts\/1184","targetHints":{"allow":["GET"]}}],"collection":[{"href":"https:\/\/www.lactissima.com\/a-tire-d-ailes\/wp-json\/wp\/v2\/posts"}],"about":[{"href":"https:\/\/www.lactissima.com\/a-tire-d-ailes\/wp-json\/wp\/v2\/types\/post"}],"author":[{"embeddable":true,"href":"https:\/\/www.lactissima.com\/a-tire-d-ailes\/wp-json\/wp\/v2\/users\/170"}],"replies":[{"embeddable":true,"href":"https:\/\/www.lactissima.com\/a-tire-d-ailes\/wp-json\/wp\/v2\/comments?post=1184"}],"version-history":[{"count":16,"href":"https:\/\/www.lactissima.com\/a-tire-d-ailes\/wp-json\/wp\/v2\/posts\/1184\/revisions"}],"predecessor-version":[{"id":5470,"href":"https:\/\/www.lactissima.com\/a-tire-d-ailes\/wp-json\/wp\/v2\/posts\/1184\/revisions\/5470"}],"wp:featuredmedia":[{"embeddable":true,"href":"https:\/\/www.lactissima.com\/a-tire-d-ailes\/wp-json\/wp\/v2\/media\/4534"}],"wp:attachment":[{"href":"https:\/\/www.lactissima.com\/a-tire-d-ailes\/wp-json\/wp\/v2\/media?parent=1184"}],"wp:term":[{"taxonomy":"category","embeddable":true,"href":"https:\/\/www.lactissima.com\/a-tire-d-ailes\/wp-json\/wp\/v2\/categories?post=1184"},{"taxonomy":"post_tag","embeddable":true,"href":"https:\/\/www.lactissima.com\/a-tire-d-ailes\/wp-json\/wp\/v2\/tags?post=1184"}],"curies":[{"name":"wp","href":"https:\/\/api.w.org\/{rel}","templated":true}]}}