{"id":1089,"date":"2010-02-20T17:28:05","date_gmt":"2010-02-20T15:28:05","guid":{"rendered":"https:\/\/www.lactissima.com\/a-tire-d-ailes\/?p=1089"},"modified":"2014-03-15T17:07:28","modified_gmt":"2014-03-15T15:07:28","slug":"anecdotes-autour-de-lallaitement","status":"publish","type":"post","link":"https:\/\/www.lactissima.com\/a-tire-d-ailes\/anecdotes-autour-de-lallaitement\/","title":{"rendered":"Anecdotes autour de l&rsquo;allaitement"},"content":{"rendered":"<p style=\"text-align: justify;\"><a href=\"https:\/\/www.lactissima.com\/a-tire-d-ailes\/wp-content\/uploads\/2010\/02\/t\u00e9l\u00e9phone.jpg\"><img loading=\"lazy\" decoding=\"async\" class=\"alignright size-full wp-image-4546\" alt=\"t\u00e9l\u00e9phone\" src=\"https:\/\/www.lactissima.com\/a-tire-d-ailes\/wp-content\/uploads\/2010\/02\/t\u00e9l\u00e9phone.jpg\" width=\"250\" height=\"245\" \/><\/a>A la demande de <strong>Clara<\/strong>, je cr\u00e9e aujourd&rsquo;hui une <strong>rubrique anecdotes<\/strong>, pour d\u00e9dramatiser un peu ce sujet s\u00e9rieux qu&rsquo;est le retour au travail !<\/p>\n<p style=\"text-align: justify;\">Donc j&rsquo;attends avec impatience<strong> toutes vos anecdotes sur l&rsquo;allaitement et la reprise du travail !<\/strong><\/p>\n<p style=\"text-align: justify;\">Aujourd&rsquo;hui nous commen\u00e7ons avec <strong>Clara<\/strong> :<\/p>\n<p style=\"text-align: justify;\">\u00ab\u00a0L&rsquo;autre jour en rentrant du boulot et en faisant mes 85 kms jusqu&rsquo;\u00e0 chez moi, j&rsquo;ai t\u00e9l\u00e9phon\u00e9 \u00e0 mon mari en arrivant au p\u00e9age (quelques m\u00e8tres avant&#8230;) pour savoir si mon petit \u00c2\u00ab tenait \u00c2\u00bb encore avant sa t\u00e9t\u00e9e. J&rsquo;\u00e9tais stress\u00e9e de ne pas arriver \u00e0 l&rsquo;heure, mon mari devait partir travailler d\u00e8s mon arriv\u00e9e, on n&rsquo;a parfois que quelques minutes le soir entre le moment o\u00f9 j&rsquo;arrive, et le moment o\u00f9 il part&#8230; Bref, je t\u00e9l\u00e9phonais donc, et je n&rsquo;ai pas vu le jeune policier qui me regardait l\u00e0 -bas juste apr\u00e8s le p\u00e9age dans sa longue-vue&#8230; A\u00c3\u00afe a\u00c3\u00afe a\u00c3\u00afe&#8230; \u00c2\u00ab Madame, ce n&rsquo;est pas bien de t\u00e9l\u00e9phoner vous savez&#8230; \u00c2\u00bb me dit-il apr\u00e8s m&rsquo;avoir fait signe de me garer. Oups, je n&rsquo;en menais pas large ! Mon petit qui attendait !!!<br \/>\n\u00c2\u00ab mais Monsieur, je devais absolument savoir si mon fils tenait encore&#8230; Je l&rsquo;allaite, vous comprenez, et je travaille loin&#8230; \u00e7a me stresse !  \u00c2\u00bb<br \/>\n\u00c2\u00ab ah bon vous l&rsquo;allaitez ?&#8230; Soupir. Il a besoin de vous, faites attention, alors&#8230;  \u00c2\u00bb et il m&rsquo;a fait signe de repartir !!!!<br \/>\nIl \u00e9tait tout jeune ce policier, et je me suis demand\u00e9e apr\u00e8s si sa femme par hasard n&rsquo;\u00e9tait pas dans la m\u00eame situation !<br \/>\nEn tout cas je n&rsquo;en suis pas revenue!<br \/>\nEt ce n&rsquo;est pas la seule fois o\u00f9 l&rsquo;allaitement m&rsquo;a \u00c2\u00ab sauv\u00e9e \u00c2\u00bb !!\u00a0\u00bb<\/p>\n<p style=\"text-align: justify;\"><strong>Allez, \u00e0 vos claviers, <\/strong>faites-nous partager ce qui fait le sel de vos vies de femmes qui allaitent et reprennent le travail<strong>&#8230;<\/strong><\/p>\n<p>&nbsp;<\/p>\n","protected":false},"excerpt":{"rendered":"<p>A la demande de Clara, je cr\u00e9e aujourd&rsquo;hui une rubrique anecdotes, pour d\u00e9dramatiser un peu ce sujet s\u00e9rieux qu&rsquo;est le retour au travail !<\/p>\n<p>Donc j&rsquo;attends avec impatience toutes vos anecdotes sur l&rsquo;allaitement et la reprise du travail !<\/p>\n","protected":false},"author":170,"featured_media":4546,"comment_status":"open","ping_status":"open","sticky":false,"template":"","format":"standard","meta":{"_et_pb_use_builder":"","_et_pb_old_content":"","_et_gb_content_width":"","footnotes":""},"categories":[35,36,183,46],"tags":[680,688,185,184],"class_list":["post-1089","post","type-post","status-publish","format-standard","has-post-thumbnail","hentry","category-allaitement","category-allaitement-et-travail","category-anecdotes","category-vie-de-famille","tag-allaitement","tag-anecdotes","tag-police","tag-telephone"],"yoast_head":"<!-- This site is optimized with the Yoast SEO plugin v27.4 - https:\/\/yoast.com\/product\/yoast-seo-wordpress\/ -->\n<title>Anecdotes autour de l&#039;allaitement<\/title>\n<meta name=\"description\" content=\"A la demande de Clara, je cr\u00e9e aujourd&#039;hui une rubrique anecdotes, pour d\u00e9dramatiser un peu ce sujet s\u00e9rieux qu&#039;est le retour au travail !  Donc j&#039;attends avec impatience toutes vos anecdotes sur l&#039;allaitement et la reprise du travail !\" \/>\n<meta name=\"robots\" content=\"index, follow, max-snippet:-1, max-image-preview:large, max-video-preview:-1\" \/>\n<link rel=\"canonical\" href=\"https:\/\/www.lactissima.com\/a-tire-d-ailes\/anecdotes-autour-de-lallaitement\/\" \/>\n<meta property=\"og:locale\" content=\"fr_FR\" \/>\n<meta property=\"og:type\" content=\"article\" \/>\n<meta property=\"og:title\" content=\"Anecdotes autour de l&#039;allaitement\" \/>\n<meta property=\"og:description\" content=\"A la demande de Clara, je cr\u00e9e aujourd&#039;hui une rubrique anecdotes, pour d\u00e9dramatiser un peu ce sujet s\u00e9rieux qu&#039;est le retour au travail !  Donc j&#039;attends avec impatience toutes vos anecdotes sur l&#039;allaitement et la reprise du travail !\" \/>\n<meta property=\"og:url\" content=\"https:\/\/www.lactissima.com\/a-tire-d-ailes\/anecdotes-autour-de-lallaitement\/\" \/>\n<meta property=\"og:site_name\" content=\"A tire d&#039;Ailes\" \/>\n<meta property=\"article:publisher\" content=\"https:\/\/www.facebook.com\/consultante.en.lactation\" \/>\n<meta property=\"article:author\" content=\"www.facebook.com\/consultante.en.lactation\" \/>\n<meta property=\"article:published_time\" content=\"2010-02-20T15:28:05+00:00\" \/>\n<meta property=\"article:modified_time\" content=\"2014-03-15T15:07:28+00:00\" \/>\n<meta property=\"og:image\" content=\"https:\/\/www.lactissima.com\/a-tire-d-ailes\/wp-content\/uploads\/2010\/02\/t\u00e9l\u00e9phone.jpg\" \/>\n\t<meta property=\"og:image:width\" content=\"250\" \/>\n\t<meta property=\"og:image:height\" content=\"245\" \/>\n\t<meta property=\"og:image:type\" content=\"image\/jpeg\" \/>\n<meta name=\"author\" content=\"V\u00e9ronique Darmangeat\" \/>\n<meta name=\"twitter:card\" content=\"summary_large_image\" \/>\n<meta name=\"twitter:creator\" content=\"@VeroniqueIBCLC\" \/>\n<meta name=\"twitter:site\" content=\"@VeroniqueIBCLC\" \/>\n<meta name=\"twitter:label1\" content=\"\u00c9crit par\" \/>\n\t<meta name=\"twitter:data1\" content=\"V\u00e9ronique Darmangeat\" \/>\n\t<meta name=\"twitter:label2\" content=\"Dur\u00e9e de lecture estim\u00e9e\" \/>\n\t<meta name=\"twitter:data2\" content=\"2 minutes\" \/>\n<script type=\"application\/ld+json\" class=\"yoast-schema-graph\">{\"@context\":\"https:\\\/\\\/schema.org\",\"@graph\":[{\"@type\":\"Article\",\"@id\":\"https:\\\/\\\/www.lactissima.com\\\/a-tire-d-ailes\\\/anecdotes-autour-de-lallaitement\\\/#article\",\"isPartOf\":{\"@id\":\"https:\\\/\\\/www.lactissima.com\\\/a-tire-d-ailes\\\/anecdotes-autour-de-lallaitement\\\/\"},\"author\":{\"name\":\"V\u00e9ronique Darmangeat\",\"@id\":\"https:\\\/\\\/www.lactissima.com\\\/a-tire-d-ailes\\\/#\\\/schema\\\/person\\\/8f98d3a89530861bc1240e6d53d44eed\"},\"headline\":\"Anecdotes autour de l&rsquo;allaitement\",\"datePublished\":\"2010-02-20T15:28:05+00:00\",\"dateModified\":\"2014-03-15T15:07:28+00:00\",\"mainEntityOfPage\":{\"@id\":\"https:\\\/\\\/www.lactissima.com\\\/a-tire-d-ailes\\\/anecdotes-autour-de-lallaitement\\\/\"},\"wordCount\":327,\"commentCount\":8,\"image\":{\"@id\":\"https:\\\/\\\/www.lactissima.com\\\/a-tire-d-ailes\\\/anecdotes-autour-de-lallaitement\\\/#primaryimage\"},\"thumbnailUrl\":\"https:\\\/\\\/www.lactissima.com\\\/a-tire-d-ailes\\\/wp-content\\\/uploads\\\/2010\\\/02\\\/t\u00e9l\u00e9phone.jpg\",\"keywords\":[\"Allaitement\",\"Anecdotes\",\"police\",\"t\u00e9l\u00e9phone\"],\"articleSection\":[\"Allaitement\",\"Allaitement et Travail\",\"Anecdotes\",\"Vie de famille\"],\"inLanguage\":\"fr-FR\",\"potentialAction\":[{\"@type\":\"CommentAction\",\"name\":\"Comment\",\"target\":[\"https:\\\/\\\/www.lactissima.com\\\/a-tire-d-ailes\\\/anecdotes-autour-de-lallaitement\\\/#respond\"]}]},{\"@type\":\"WebPage\",\"@id\":\"https:\\\/\\\/www.lactissima.com\\\/a-tire-d-ailes\\\/anecdotes-autour-de-lallaitement\\\/\",\"url\":\"https:\\\/\\\/www.lactissima.com\\\/a-tire-d-ailes\\\/anecdotes-autour-de-lallaitement\\\/\",\"name\":\"Anecdotes autour de l'allaitement\",\"isPartOf\":{\"@id\":\"https:\\\/\\\/www.lactissima.com\\\/a-tire-d-ailes\\\/#website\"},\"primaryImageOfPage\":{\"@id\":\"https:\\\/\\\/www.lactissima.com\\\/a-tire-d-ailes\\\/anecdotes-autour-de-lallaitement\\\/#primaryimage\"},\"image\":{\"@id\":\"https:\\\/\\\/www.lactissima.com\\\/a-tire-d-ailes\\\/anecdotes-autour-de-lallaitement\\\/#primaryimage\"},\"thumbnailUrl\":\"https:\\\/\\\/www.lactissima.com\\\/a-tire-d-ailes\\\/wp-content\\\/uploads\\\/2010\\\/02\\\/t\u00e9l\u00e9phone.jpg\",\"datePublished\":\"2010-02-20T15:28:05+00:00\",\"dateModified\":\"2014-03-15T15:07:28+00:00\",\"author\":{\"@id\":\"https:\\\/\\\/www.lactissima.com\\\/a-tire-d-ailes\\\/#\\\/schema\\\/person\\\/8f98d3a89530861bc1240e6d53d44eed\"},\"description\":\"A la demande de Clara, je cr\u00e9e aujourd'hui une rubrique anecdotes, pour d\u00e9dramatiser un peu ce sujet s\u00e9rieux qu'est le retour au travail ! Donc j'attends avec impatience toutes vos anecdotes sur l'allaitement et la reprise du travail !\",\"breadcrumb\":{\"@id\":\"https:\\\/\\\/www.lactissima.com\\\/a-tire-d-ailes\\\/anecdotes-autour-de-lallaitement\\\/#breadcrumb\"},\"inLanguage\":\"fr-FR\",\"potentialAction\":[{\"@type\":\"ReadAction\",\"target\":[\"https:\\\/\\\/www.lactissima.com\\\/a-tire-d-ailes\\\/anecdotes-autour-de-lallaitement\\\/\"]}]},{\"@type\":\"ImageObject\",\"inLanguage\":\"fr-FR\",\"@id\":\"https:\\\/\\\/www.lactissima.com\\\/a-tire-d-ailes\\\/anecdotes-autour-de-lallaitement\\\/#primaryimage\",\"url\":\"https:\\\/\\\/www.lactissima.com\\\/a-tire-d-ailes\\\/wp-content\\\/uploads\\\/2010\\\/02\\\/t\u00e9l\u00e9phone.jpg\",\"contentUrl\":\"https:\\\/\\\/www.lactissima.com\\\/a-tire-d-ailes\\\/wp-content\\\/uploads\\\/2010\\\/02\\\/t\u00e9l\u00e9phone.jpg\",\"width\":250,\"height\":245},{\"@type\":\"BreadcrumbList\",\"@id\":\"https:\\\/\\\/www.lactissima.com\\\/a-tire-d-ailes\\\/anecdotes-autour-de-lallaitement\\\/#breadcrumb\",\"itemListElement\":[{\"@type\":\"ListItem\",\"position\":1,\"name\":\"Accueil\",\"item\":\"https:\\\/\\\/www.lactissima.com\\\/a-tire-d-ailes\\\/\"},{\"@type\":\"ListItem\",\"position\":2,\"name\":\"Anecdotes autour de l&rsquo;allaitement\"}]},{\"@type\":\"WebSite\",\"@id\":\"https:\\\/\\\/www.lactissima.com\\\/a-tire-d-ailes\\\/#website\",\"url\":\"https:\\\/\\\/www.lactissima.com\\\/a-tire-d-ailes\\\/\",\"name\":\"A tire d&#039;Ailes\",\"description\":\"Le blog des femmes qui allaitent et travaillent.\",\"potentialAction\":[{\"@type\":\"SearchAction\",\"target\":{\"@type\":\"EntryPoint\",\"urlTemplate\":\"https:\\\/\\\/www.lactissima.com\\\/a-tire-d-ailes\\\/?s={search_term_string}\"},\"query-input\":{\"@type\":\"PropertyValueSpecification\",\"valueRequired\":true,\"valueName\":\"search_term_string\"}}],\"inLanguage\":\"fr-FR\"},{\"@type\":\"Person\",\"@id\":\"https:\\\/\\\/www.lactissima.com\\\/a-tire-d-ailes\\\/#\\\/schema\\\/person\\\/8f98d3a89530861bc1240e6d53d44eed\",\"name\":\"V\u00e9ronique Darmangeat\",\"image\":{\"@type\":\"ImageObject\",\"inLanguage\":\"fr-FR\",\"@id\":\"https:\\\/\\\/secure.gravatar.com\\\/avatar\\\/268c99344c89cebfe4f5df5fa8be43068a18884fc76a29f3206fae98465b9cab?s=96&d=identicon&r=g\",\"url\":\"https:\\\/\\\/secure.gravatar.com\\\/avatar\\\/268c99344c89cebfe4f5df5fa8be43068a18884fc76a29f3206fae98465b9cab?s=96&d=identicon&r=g\",\"contentUrl\":\"https:\\\/\\\/secure.gravatar.com\\\/avatar\\\/268c99344c89cebfe4f5df5fa8be43068a18884fc76a29f3206fae98465b9cab?s=96&d=identicon&r=g\",\"caption\":\"V\u00e9ronique Darmangeat\"},\"sameAs\":[\"https:\\\/\\\/www.lactissima.com\\\/a-tire-d-ailes\",\"www.facebook.com\\\/consultante.en.lactation\"]}]}<\/script>\n<!-- \/ Yoast SEO plugin. -->","yoast_head_json":{"title":"Anecdotes autour de l'allaitement","description":"A la demande de Clara, je cr\u00e9e aujourd'hui une rubrique anecdotes, pour d\u00e9dramatiser un peu ce sujet s\u00e9rieux qu'est le retour au travail !  Donc j'attends avec impatience toutes vos anecdotes sur l'allaitement et la reprise du travail !","robots":{"index":"index","follow":"follow","max-snippet":"max-snippet:-1","max-image-preview":"max-image-preview:large","max-video-preview":"max-video-preview:-1"},"canonical":"https:\/\/www.lactissima.com\/a-tire-d-ailes\/anecdotes-autour-de-lallaitement\/","og_locale":"fr_FR","og_type":"article","og_title":"Anecdotes autour de l'allaitement","og_description":"A la demande de Clara, je cr\u00e9e aujourd'hui une rubrique anecdotes, pour d\u00e9dramatiser un peu ce sujet s\u00e9rieux qu'est le retour au travail !  Donc j'attends avec impatience toutes vos anecdotes sur l'allaitement et la reprise du travail !","og_url":"https:\/\/www.lactissima.com\/a-tire-d-ailes\/anecdotes-autour-de-lallaitement\/","og_site_name":"A tire d&#039;Ailes","article_publisher":"https:\/\/www.facebook.com\/consultante.en.lactation","article_author":"www.facebook.com\/consultante.en.lactation","article_published_time":"2010-02-20T15:28:05+00:00","article_modified_time":"2014-03-15T15:07:28+00:00","og_image":[{"width":250,"height":245,"url":"https:\/\/www.lactissima.com\/a-tire-d-ailes\/wp-content\/uploads\/2010\/02\/t\u00e9l\u00e9phone.jpg","type":"image\/jpeg"}],"author":"V\u00e9ronique Darmangeat","twitter_card":"summary_large_image","twitter_creator":"@VeroniqueIBCLC","twitter_site":"@VeroniqueIBCLC","twitter_misc":{"\u00c9crit par":"V\u00e9ronique Darmangeat","Dur\u00e9e de lecture estim\u00e9e":"2 minutes"},"schema":{"@context":"https:\/\/schema.org","@graph":[{"@type":"Article","@id":"https:\/\/www.lactissima.com\/a-tire-d-ailes\/anecdotes-autour-de-lallaitement\/#article","isPartOf":{"@id":"https:\/\/www.lactissima.com\/a-tire-d-ailes\/anecdotes-autour-de-lallaitement\/"},"author":{"name":"V\u00e9ronique Darmangeat","@id":"https:\/\/www.lactissima.com\/a-tire-d-ailes\/#\/schema\/person\/8f98d3a89530861bc1240e6d53d44eed"},"headline":"Anecdotes autour de l&rsquo;allaitement","datePublished":"2010-02-20T15:28:05+00:00","dateModified":"2014-03-15T15:07:28+00:00","mainEntityOfPage":{"@id":"https:\/\/www.lactissima.com\/a-tire-d-ailes\/anecdotes-autour-de-lallaitement\/"},"wordCount":327,"commentCount":8,"image":{"@id":"https:\/\/www.lactissima.com\/a-tire-d-ailes\/anecdotes-autour-de-lallaitement\/#primaryimage"},"thumbnailUrl":"https:\/\/www.lactissima.com\/a-tire-d-ailes\/wp-content\/uploads\/2010\/02\/t\u00e9l\u00e9phone.jpg","keywords":["Allaitement","Anecdotes","police","t\u00e9l\u00e9phone"],"articleSection":["Allaitement","Allaitement et Travail","Anecdotes","Vie de famille"],"inLanguage":"fr-FR","potentialAction":[{"@type":"CommentAction","name":"Comment","target":["https:\/\/www.lactissima.com\/a-tire-d-ailes\/anecdotes-autour-de-lallaitement\/#respond"]}]},{"@type":"WebPage","@id":"https:\/\/www.lactissima.com\/a-tire-d-ailes\/anecdotes-autour-de-lallaitement\/","url":"https:\/\/www.lactissima.com\/a-tire-d-ailes\/anecdotes-autour-de-lallaitement\/","name":"Anecdotes autour de l'allaitement","isPartOf":{"@id":"https:\/\/www.lactissima.com\/a-tire-d-ailes\/#website"},"primaryImageOfPage":{"@id":"https:\/\/www.lactissima.com\/a-tire-d-ailes\/anecdotes-autour-de-lallaitement\/#primaryimage"},"image":{"@id":"https:\/\/www.lactissima.com\/a-tire-d-ailes\/anecdotes-autour-de-lallaitement\/#primaryimage"},"thumbnailUrl":"https:\/\/www.lactissima.com\/a-tire-d-ailes\/wp-content\/uploads\/2010\/02\/t\u00e9l\u00e9phone.jpg","datePublished":"2010-02-20T15:28:05+00:00","dateModified":"2014-03-15T15:07:28+00:00","author":{"@id":"https:\/\/www.lactissima.com\/a-tire-d-ailes\/#\/schema\/person\/8f98d3a89530861bc1240e6d53d44eed"},"description":"A la demande de Clara, je cr\u00e9e aujourd'hui une rubrique anecdotes, pour d\u00e9dramatiser un peu ce sujet s\u00e9rieux qu'est le retour au travail ! Donc j'attends avec impatience toutes vos anecdotes sur l'allaitement et la reprise du travail !","breadcrumb":{"@id":"https:\/\/www.lactissima.com\/a-tire-d-ailes\/anecdotes-autour-de-lallaitement\/#breadcrumb"},"inLanguage":"fr-FR","potentialAction":[{"@type":"ReadAction","target":["https:\/\/www.lactissima.com\/a-tire-d-ailes\/anecdotes-autour-de-lallaitement\/"]}]},{"@type":"ImageObject","inLanguage":"fr-FR","@id":"https:\/\/www.lactissima.com\/a-tire-d-ailes\/anecdotes-autour-de-lallaitement\/#primaryimage","url":"https:\/\/www.lactissima.com\/a-tire-d-ailes\/wp-content\/uploads\/2010\/02\/t\u00e9l\u00e9phone.jpg","contentUrl":"https:\/\/www.lactissima.com\/a-tire-d-ailes\/wp-content\/uploads\/2010\/02\/t\u00e9l\u00e9phone.jpg","width":250,"height":245},{"@type":"BreadcrumbList","@id":"https:\/\/www.lactissima.com\/a-tire-d-ailes\/anecdotes-autour-de-lallaitement\/#breadcrumb","itemListElement":[{"@type":"ListItem","position":1,"name":"Accueil","item":"https:\/\/www.lactissima.com\/a-tire-d-ailes\/"},{"@type":"ListItem","position":2,"name":"Anecdotes autour de l&rsquo;allaitement"}]},{"@type":"WebSite","@id":"https:\/\/www.lactissima.com\/a-tire-d-ailes\/#website","url":"https:\/\/www.lactissima.com\/a-tire-d-ailes\/","name":"A tire d&#039;Ailes","description":"Le blog des femmes qui allaitent et travaillent.","potentialAction":[{"@type":"SearchAction","target":{"@type":"EntryPoint","urlTemplate":"https:\/\/www.lactissima.com\/a-tire-d-ailes\/?s={search_term_string}"},"query-input":{"@type":"PropertyValueSpecification","valueRequired":true,"valueName":"search_term_string"}}],"inLanguage":"fr-FR"},{"@type":"Person","@id":"https:\/\/www.lactissima.com\/a-tire-d-ailes\/#\/schema\/person\/8f98d3a89530861bc1240e6d53d44eed","name":"V\u00e9ronique Darmangeat","image":{"@type":"ImageObject","inLanguage":"fr-FR","@id":"https:\/\/secure.gravatar.com\/avatar\/268c99344c89cebfe4f5df5fa8be43068a18884fc76a29f3206fae98465b9cab?s=96&d=identicon&r=g","url":"https:\/\/secure.gravatar.com\/avatar\/268c99344c89cebfe4f5df5fa8be43068a18884fc76a29f3206fae98465b9cab?s=96&d=identicon&r=g","contentUrl":"https:\/\/secure.gravatar.com\/avatar\/268c99344c89cebfe4f5df5fa8be43068a18884fc76a29f3206fae98465b9cab?s=96&d=identicon&r=g","caption":"V\u00e9ronique Darmangeat"},"sameAs":["https:\/\/www.lactissima.com\/a-tire-d-ailes","www.facebook.com\/consultante.en.lactation"]}]}},"_links":{"self":[{"href":"https:\/\/www.lactissima.com\/a-tire-d-ailes\/wp-json\/wp\/v2\/posts\/1089","targetHints":{"allow":["GET"]}}],"collection":[{"href":"https:\/\/www.lactissima.com\/a-tire-d-ailes\/wp-json\/wp\/v2\/posts"}],"about":[{"href":"https:\/\/www.lactissima.com\/a-tire-d-ailes\/wp-json\/wp\/v2\/types\/post"}],"author":[{"embeddable":true,"href":"https:\/\/www.lactissima.com\/a-tire-d-ailes\/wp-json\/wp\/v2\/users\/170"}],"replies":[{"embeddable":true,"href":"https:\/\/www.lactissima.com\/a-tire-d-ailes\/wp-json\/wp\/v2\/comments?post=1089"}],"version-history":[{"count":12,"href":"https:\/\/www.lactissima.com\/a-tire-d-ailes\/wp-json\/wp\/v2\/posts\/1089\/revisions"}],"predecessor-version":[{"id":5508,"href":"https:\/\/www.lactissima.com\/a-tire-d-ailes\/wp-json\/wp\/v2\/posts\/1089\/revisions\/5508"}],"wp:featuredmedia":[{"embeddable":true,"href":"https:\/\/www.lactissima.com\/a-tire-d-ailes\/wp-json\/wp\/v2\/media\/4546"}],"wp:attachment":[{"href":"https:\/\/www.lactissima.com\/a-tire-d-ailes\/wp-json\/wp\/v2\/media?parent=1089"}],"wp:term":[{"taxonomy":"category","embeddable":true,"href":"https:\/\/www.lactissima.com\/a-tire-d-ailes\/wp-json\/wp\/v2\/categories?post=1089"},{"taxonomy":"post_tag","embeddable":true,"href":"https:\/\/www.lactissima.com\/a-tire-d-ailes\/wp-json\/wp\/v2\/tags?post=1089"}],"curies":[{"name":"wp","href":"https:\/\/api.w.org\/{rel}","templated":true}]}}